{"id":8813,"date":"2025-03-28T14:17:14","date_gmt":"2025-03-28T14:17:14","guid":{"rendered":"https:\/\/www.fundacioolgatorres.org\/2025\/03\/28\/abierta-la-convocatoria-becas-de-investigacion-2025-2026-sobre-cancer-colorectal\/"},"modified":"2025-03-28T14:24:10","modified_gmt":"2025-03-28T14:24:10","slug":"abierta-la-convocatoria-becas-de-investigacion-2025-2026-sobre-cancer-colorectal","status":"publish","type":"post","link":"https:\/\/www.fundacioolgatorres.org\/es\/2025\/03\/28\/abierta-la-convocatoria-becas-de-investigacion-2025-2026-sobre-cancer-colorectal\/","title":{"rendered":"Abierta la Convocatoria becas de investigaci\u00f3n 2025\/2026 sobre c\u00e1ncer colorectal."},"content":{"rendered":"\t\t<div data-elementor-type=\"wp-post\" data-elementor-id=\"8813\" class=\"elementor elementor-8813 elementor-8778\" data-elementor-post-type=\"post\">\n\t\t\t\t\t\t<section class=\"elementor-section elementor-top-section elementor-element elementor-element-1daffd2 elementor-section-boxed elementor-section-height-default elementor-section-height-default\" data-id=\"1daffd2\" data-element_type=\"section\" data-e-type=\"section\">\n\t\t\t\t\t\t<div class=\"elementor-container elementor-column-gap-default\">\n\t\t\t\t\t<div class=\"elementor-column elementor-col-100 elementor-top-column elementor-element elementor-element-6ad163a\" data-id=\"6ad163a\" data-element_type=\"column\" data-e-type=\"column\">\n\t\t\t<div class=\"elementor-widget-wrap elementor-element-populated\">\n\t\t\t\t\t\t<div class=\"elementor-element elementor-element-6c932dc elementor-widget elementor-widget-heading\" data-id=\"6c932dc\" data-element_type=\"widget\" data-e-type=\"widget\" data-widget_type=\"heading.default\">\n\t\t\t\t<div class=\"elementor-widget-container\">\n\t\t\t\t\t<h2 class=\"elementor-heading-title elementor-size-default\">Convocatoria becas Ejercicio 2025\/26<\/h2>\t\t\t\t<\/div>\n\t\t\t\t<\/div>\n\t\t\t\t<div class=\"elementor-element elementor-element-68ae36a elementor-widget elementor-widget-image\" data-id=\"68ae36a\" data-element_type=\"widget\" data-e-type=\"widget\" data-widget_type=\"image.default\">\n\t\t\t\t<div class=\"elementor-widget-container\">\n\t\t\t\t\t\t\t\t\t\t\t\t\t\t\t<img fetchpriority=\"high\" decoding=\"async\" width=\"1200\" height=\"800\" src=\"https:\/\/www.fundacioolgatorres.org\/wp-content\/uploads\/2025\/03\/becas-25-26.jpg\" class=\"attachment-full size-full wp-image-8782\" alt=\"\" srcset=\"https:\/\/www.fundacioolgatorres.org\/wp-content\/uploads\/2025\/03\/becas-25-26.jpg 1200w, https:\/\/www.fundacioolgatorres.org\/wp-content\/uploads\/2025\/03\/becas-25-26-300x200.jpg 300w, https:\/\/www.fundacioolgatorres.org\/wp-content\/uploads\/2025\/03\/becas-25-26-1024x683.jpg 1024w, https:\/\/www.fundacioolgatorres.org\/wp-content\/uploads\/2025\/03\/becas-25-26-768x512.jpg 768w\" sizes=\"(max-width: 1200px) 100vw, 1200px\" \/>\t\t\t\t\t\t\t\t\t\t\t\t\t\t\t<\/div>\n\t\t\t\t<\/div>\n\t\t\t\t\t<\/div>\n\t\t<\/div>\n\t\t\t\t\t<\/div>\n\t\t<\/section>\n\t\t\t\t<section class=\"elementor-section elementor-top-section elementor-element elementor-element-e31e077 elementor-section-boxed elementor-section-height-default elementor-section-height-default\" data-id=\"e31e077\" data-element_type=\"section\" data-e-type=\"section\">\n\t\t\t\t\t\t<div class=\"elementor-container elementor-column-gap-default\">\n\t\t\t\t\t<div class=\"elementor-column elementor-col-100 elementor-top-column elementor-element elementor-element-f4e7194\" data-id=\"f4e7194\" data-element_type=\"column\" data-e-type=\"column\">\n\t\t\t<div class=\"elementor-widget-wrap elementor-element-populated\">\n\t\t\t\t\t\t<div class=\"elementor-element elementor-element-a61e876 elementor-widget elementor-widget-heading\" data-id=\"a61e876\" data-element_type=\"widget\" data-e-type=\"widget\" data-widget_type=\"heading.default\">\n\t\t\t\t<div class=\"elementor-widget-container\">\n\t\t\t\t\t<h2 class=\"elementor-heading-title elementor-size-default\">Convocatoria becas Ejercicio 2025\/26<\/h2>\t\t\t\t<\/div>\n\t\t\t\t<\/div>\n\t\t\t\t<div class=\"elementor-element elementor-element-1306988 elementor-widget elementor-widget-text-editor\" data-id=\"1306988\" data-element_type=\"widget\" data-e-type=\"widget\" data-widget_type=\"text-editor.default\">\n\t\t\t\t<div class=\"elementor-widget-container\">\n\t\t\t\t\t\t\t\t\t<p>CONVOCATORIA DE BECAS DE INVESTIGACI\u00d3N.<br \/>PROGRAMA DE BECAS POSTDOCTORALES A\u00d1O 2025.<br \/>FUNDACI\u00d3 PRIVADA OLGA TORRES.<\/p>\n<p><strong>Bases de la convocatoria.<\/strong><\/p>\n\t\t\t\t\t\t\t\t<\/div>\n\t\t\t\t<\/div>\n\t\t\t\t<div class=\"elementor-element elementor-element-21e1312 elementor-widget elementor-widget-toggle\" data-id=\"21e1312\" data-element_type=\"widget\" data-e-type=\"widget\" data-widget_type=\"toggle.default\">\n\t\t\t\t<div class=\"elementor-widget-container\">\n\t\t\t\t\t\t\t<div class=\"elementor-toggle\">\n\t\t\t\t\t\t\t<div class=\"elementor-toggle-item\">\n\t\t\t\t\t<div id=\"elementor-tab-title-3551\" class=\"elementor-tab-title\" data-tab=\"1\" role=\"button\" aria-controls=\"elementor-tab-content-3551\" aria-expanded=\"false\">\n\t\t\t\t\t\t\t\t\t\t\t\t<span class=\"elementor-toggle-icon elementor-toggle-icon-left\" aria-hidden=\"true\">\n\t\t\t\t\t\t\t\t\t\t\t\t\t\t\t<span class=\"elementor-toggle-icon-closed\"><i class=\"fas fa-caret-right\"><\/i><\/span>\n\t\t\t\t\t\t\t\t<span class=\"elementor-toggle-icon-opened\"><i class=\"elementor-toggle-icon-opened fas fa-caret-up\"><\/i><\/span>\n\t\t\t\t\t\t\t\t\t\t\t\t\t<\/span>\n\t\t\t\t\t\t\t\t\t\t\t\t<a class=\"elementor-toggle-title\" tabindex=\"0\">1. \u00c1mbito de aplicaci\u00f3n<\/a>\n\t\t\t\t\t<\/div>\n\n\t\t\t\t\t<div id=\"elementor-tab-content-3551\" class=\"elementor-tab-content elementor-clearfix\" data-tab=\"1\" role=\"region\" aria-labelledby=\"elementor-tab-title-3551\"><p>Estas becas consisten en una ayuda econ\u00f3mica a investigadores\/as con t\u00edtulo de doctor\/a para desarrollar trabajos de investigaci\u00f3n en el campo del estudio del c\u00e1ncer colorectal en un Centro reconocido en Catalu\u00f1a y\/o en Espa\u00f1a.<\/p>\n<p>Podr\u00e1n concurrir a esta modalidad los\/las investigadores\/as integrados\/as en cualquiera de los Grupos de Investigaci\u00f3n establecidos en el territorio definido en el punto 1 de las bases de esta convocatoria, con la \u00fanica limitaci\u00f3n que como solicitante no hubiere obtenido ninguna beca de la FOT en las dos \u00faltimas ediciones.<\/p>\n<\/div>\n\t\t\t\t<\/div>\n\t\t\t\t\t\t\t<div class=\"elementor-toggle-item\">\n\t\t\t\t\t<div id=\"elementor-tab-title-3552\" class=\"elementor-tab-title\" data-tab=\"2\" role=\"button\" aria-controls=\"elementor-tab-content-3552\" aria-expanded=\"false\">\n\t\t\t\t\t\t\t\t\t\t\t\t<span class=\"elementor-toggle-icon elementor-toggle-icon-left\" aria-hidden=\"true\">\n\t\t\t\t\t\t\t\t\t\t\t\t\t\t\t<span class=\"elementor-toggle-icon-closed\"><i class=\"fas fa-caret-right\"><\/i><\/span>\n\t\t\t\t\t\t\t\t<span class=\"elementor-toggle-icon-opened\"><i class=\"elementor-toggle-icon-opened fas fa-caret-up\"><\/i><\/span>\n\t\t\t\t\t\t\t\t\t\t\t\t\t<\/span>\n\t\t\t\t\t\t\t\t\t\t\t\t<a class=\"elementor-toggle-title\" tabindex=\"0\">2.- Modalidades.<\/a>\n\t\t\t\t\t<\/div>\n\n\t\t\t\t\t<div id=\"elementor-tab-content-3552\" class=\"elementor-tab-content elementor-clearfix\" data-tab=\"2\" role=\"region\" aria-labelledby=\"elementor-tab-title-3552\"><p>Se conceder\u00e1n dos becas, las cuales se denominar\u00e1n BECA JOSEP BOMBARD\u00d3 NAVIN\u00c9S y BECA DIONIS TORRES SEGURA, respectivamente, en memoria de quien fue presidente y gran impulsor de la Fundaci\u00f3n en el primer caso y del fundador en el segundo.<\/p>\n<p><em>Beca JOSEP BOMBARD\u00d3 NAVIN\u00c9S.- Dirigida a Investigadores\/as consolidados\/as.<\/em><\/p>\n<p>Podr\u00e1n concurrir aquellos\/as investigadores\/as con m\u00e1s de diez a\u00f1os en posesi\u00f3n del t\u00edtulo de doctor\/a. Concretamente que lo hayan obtenido con posterioridad al 30 de junio de 2015.<\/p>\n<p><em>Beca DIONIS TORRES SEGURA.- Dirigida a investigadores\/as emergentes.<\/em><\/p>\n<p>Podr\u00e1n concurrir aquellos\/as investigadores\/as con menos de diez a\u00f1os en posesi\u00f3n del t\u00edtulo de doctor\/a. Concretamente que lo hayan obtenido con posterioridad al 30 de junio de 2015.<br \/>No se incluyen en el c\u00f3mputo de diez a\u00f1os los periodos de baja o excedencia por maternidad que se acrediten en la solicitud.<br \/>Al presentar la solicitud el\/la candidato\/a deber\u00e1 indicar la Modalidad a la cual concurre.<\/p>\n<\/div>\n\t\t\t\t<\/div>\n\t\t\t\t\t\t\t<div class=\"elementor-toggle-item\">\n\t\t\t\t\t<div id=\"elementor-tab-title-3553\" class=\"elementor-tab-title\" data-tab=\"3\" role=\"button\" aria-controls=\"elementor-tab-content-3553\" aria-expanded=\"false\">\n\t\t\t\t\t\t\t\t\t\t\t\t<span class=\"elementor-toggle-icon elementor-toggle-icon-left\" aria-hidden=\"true\">\n\t\t\t\t\t\t\t\t\t\t\t\t\t\t\t<span class=\"elementor-toggle-icon-closed\"><i class=\"fas fa-caret-right\"><\/i><\/span>\n\t\t\t\t\t\t\t\t<span class=\"elementor-toggle-icon-opened\"><i class=\"elementor-toggle-icon-opened fas fa-caret-up\"><\/i><\/span>\n\t\t\t\t\t\t\t\t\t\t\t\t\t<\/span>\n\t\t\t\t\t\t\t\t\t\t\t\t<a class=\"elementor-toggle-title\" tabindex=\"0\">3. Cuant\u00eda<\/a>\n\t\t\t\t\t<\/div>\n\n\t\t\t\t\t<div id=\"elementor-tab-content-3553\" class=\"elementor-tab-content elementor-clearfix\" data-tab=\"3\" role=\"region\" aria-labelledby=\"elementor-tab-title-3553\"><p>El importe de cada beca es de 60.000,00 \u20ac y se distribuir\u00e1 en dos anualidades.<\/p>\n<p>El desembolso se realizar\u00e1 en 8 plazos trimestrales y consecutivos de 7.500,00 \u20ac cada uno, contra-entrega de un informe trimestral de evoluci\u00f3n de la investigaci\u00f3n que deber\u00e1 obtener la conformidad de la comisi\u00f3n interna designada por la FOT para el seguimiento del Proyecto. El pago se efectuar\u00e1 directamente al Centro donde se lleve a cabo la investigaci\u00f3n, v\u00eda donaci\u00f3n.<\/p>\n<p>La beca no admite costes indirectos.<\/p>\n<\/div>\n\t\t\t\t<\/div>\n\t\t\t\t\t\t\t<div class=\"elementor-toggle-item\">\n\t\t\t\t\t<div id=\"elementor-tab-title-3554\" class=\"elementor-tab-title\" data-tab=\"4\" role=\"button\" aria-controls=\"elementor-tab-content-3554\" aria-expanded=\"false\">\n\t\t\t\t\t\t\t\t\t\t\t\t<span class=\"elementor-toggle-icon elementor-toggle-icon-left\" aria-hidden=\"true\">\n\t\t\t\t\t\t\t\t\t\t\t\t\t\t\t<span class=\"elementor-toggle-icon-closed\"><i class=\"fas fa-caret-right\"><\/i><\/span>\n\t\t\t\t\t\t\t\t<span class=\"elementor-toggle-icon-opened\"><i class=\"elementor-toggle-icon-opened fas fa-caret-up\"><\/i><\/span>\n\t\t\t\t\t\t\t\t\t\t\t\t\t<\/span>\n\t\t\t\t\t\t\t\t\t\t\t\t<a class=\"elementor-toggle-title\" tabindex=\"0\">4. Condiciones del programa<\/a>\n\t\t\t\t\t<\/div>\n\n\t\t\t\t\t<div id=\"elementor-tab-content-3554\" class=\"elementor-tab-content elementor-clearfix\" data-tab=\"4\" role=\"region\" aria-labelledby=\"elementor-tab-title-3554\"><p>Los\/las solicitantes a quienes se otorga la ayuda deben aceptar las condiciones siguientes:<\/p>\n<p>a. Librar trimestralmente a la Fundaci\u00f3n un informe del progreso de la investigaci\u00f3n para la cual se le concedi\u00f3 la ayuda, con indicaci\u00f3n de los hitos que se vayan logrando. Y un informe final con las conclusiones de la investigaci\u00f3n, junto con un resumen divulgativo.<\/p>\n<p>b. Publicar los resultados de la investigaci\u00f3n, citando la FOT como fuente de financiaci\u00f3n.<\/p>\n<p>c. Librar un abstract de los art\u00edculos publicados, autorizando a la FOT a reproducirlos en los medios de difusi\u00f3n que utilice. En el caso de art\u00edculos publicados en revistas cient\u00edficas facilitar el enlace de la publicaci\u00f3n original.<\/p>\n<p>d. Facilitar que, en caso de que de los resultados de la investigaci\u00f3n se deriven beneficios comerciales, la FOT sea debidamente informada y le sea reconocida y garantizada la participaci\u00f3n en los derechos correspondientes.<\/p>\n<p>e. Participar en los Congresos o actos cient\u00edficos a los que sea requerido por la FOT para exponer los resultados de la investigaci\u00f3n.<\/p>\n<p>f. La aceptaci\u00f3n de la ayuda implicar\u00e1 el conocimiento y aceptaci\u00f3n por parte de los\/las participantes del marco definido por las normativas legales y \u00e9ticas en vigor, entre otras, las relacionadas con la experimentaci\u00f3n en humanos, utilizaci\u00f3n de muestras y datos humanos, experimentaci\u00f3n con animales y con el respeto a la seguridad y al medio ambiente.<\/p>\n<p>Al mismo tiempo se comprometen a desarrollar su trabajo en el marco definido por el C\u00f3digo Europeo de Buenas Pr\u00e1cticas Cient\u00edficas.<\/p>\n<p><span style=\"color: #454883;\"><a style=\"color: #454883;\" href=\"http:\/\/www.allea.org\/wp-content\/uploads\/2017\/05\/ALLEA-European-Code-of-Conduct-for-Research-Integrity-2017.pdf\">http:\/\/www.allea.org\/wp-content\/uploads\/2017\/05\/ALLEA-European-Code-of-Conduct-for-Research-Integrity-2017.pdf<\/a><\/span><\/p>\n<p>g. Aceptar la normativa establecida por la Fundaci\u00f3n en materia de Protecci\u00f3n de Datos.<\/p>\n<p><span style=\"color: #454883;\"><a style=\"color: #454883;\" href=\"https:\/\/www.fundacioolgatorres.org\/es\/politica-de-privacidad\/\">Pol\u00edtica de privacidad<\/a><\/span><\/p>\n<\/div>\n\t\t\t\t<\/div>\n\t\t\t\t\t\t\t<div class=\"elementor-toggle-item\">\n\t\t\t\t\t<div id=\"elementor-tab-title-3555\" class=\"elementor-tab-title\" data-tab=\"5\" role=\"button\" aria-controls=\"elementor-tab-content-3555\" aria-expanded=\"false\">\n\t\t\t\t\t\t\t\t\t\t\t\t<span class=\"elementor-toggle-icon elementor-toggle-icon-left\" aria-hidden=\"true\">\n\t\t\t\t\t\t\t\t\t\t\t\t\t\t\t<span class=\"elementor-toggle-icon-closed\"><i class=\"fas fa-caret-right\"><\/i><\/span>\n\t\t\t\t\t\t\t\t<span class=\"elementor-toggle-icon-opened\"><i class=\"elementor-toggle-icon-opened fas fa-caret-up\"><\/i><\/span>\n\t\t\t\t\t\t\t\t\t\t\t\t\t<\/span>\n\t\t\t\t\t\t\t\t\t\t\t\t<a class=\"elementor-toggle-title\" tabindex=\"0\">5. Presentaci\u00f3n de las solicitudes<\/a>\n\t\t\t\t\t<\/div>\n\n\t\t\t\t\t<div id=\"elementor-tab-content-3555\" class=\"elementor-tab-content elementor-clearfix\" data-tab=\"5\" role=\"region\" aria-labelledby=\"elementor-tab-title-3555\"><p>La solicitud se formalizar\u00e1 mediante la cumplimentaci\u00f3n del formulario que se adjunta al final de las presentes bases, debiendo enviarlo firmado por correo electr\u00f3nico a la direcci\u00f3n de la Fundaci\u00f3n: <strong><span style=\"color: #454883;\"><a style=\"color: #454883;\" href=\"mailto:info@fundacioolgatorres.org\">info@fundacioolgatorres.org<\/a><\/span><\/strong>adjuntando en ficheros anexos la siguiente documentaci\u00f3n escaneada:<\/p>\n<p>a. DNI, tarjeta de residente o pasaporte en vigor.<\/p>\n<p>b. Curr\u00edculum<\/p>\n<p>c. T\u00edtulo de Doctor\/a o expediente acad\u00e9mico oficial donde conste la obtenci\u00f3n del mismo.<\/p>\n<p>d. Memoria del trabajo que se propone, redactada en ingl\u00e9s y firmada por el\/la solicitante.<\/p>\n<p>e. Escrito firmado por el\/la Responsable del Centro en el que se ha de desarrollar la investigaci\u00f3n comprometi\u00e9ndose a acoger la realizaci\u00f3n del proyecto en caso que \u00e9ste obtuviere la beca.<\/p>\n<p>f. Historial del grupo de investigaci\u00f3n en el que se integra el\/la investigador\/a de los \u00faltimos cinco a\u00f1os, con menci\u00f3n expl\u00edcita a proyectos vigentes relacionados con el trabajo de investigaci\u00f3n.<\/p>\n<p>g. Cartas de presentaci\u00f3n o recomendaci\u00f3n, si las hubiere.<\/p>\n<p><span style=\"font-family: -apple-system, BlinkMacSystemFont, 'Segoe UI', Roboto, 'Helvetica Neue', Arial, 'Noto Sans', sans-serif, 'Apple Color Emoji', 'Segoe UI Emoji', 'Segoe UI Symbol', 'Noto Color Emoji';\">El plazo de presentaci\u00f3n de las solicitudes finaliza el 30 de Junio de 2025.<\/span><\/p>\n<\/div>\n\t\t\t\t<\/div>\n\t\t\t\t\t\t\t<div class=\"elementor-toggle-item\">\n\t\t\t\t\t<div id=\"elementor-tab-title-3556\" class=\"elementor-tab-title\" data-tab=\"6\" role=\"button\" aria-controls=\"elementor-tab-content-3556\" aria-expanded=\"false\">\n\t\t\t\t\t\t\t\t\t\t\t\t<span class=\"elementor-toggle-icon elementor-toggle-icon-left\" aria-hidden=\"true\">\n\t\t\t\t\t\t\t\t\t\t\t\t\t\t\t<span class=\"elementor-toggle-icon-closed\"><i class=\"fas fa-caret-right\"><\/i><\/span>\n\t\t\t\t\t\t\t\t<span class=\"elementor-toggle-icon-opened\"><i class=\"elementor-toggle-icon-opened fas fa-caret-up\"><\/i><\/span>\n\t\t\t\t\t\t\t\t\t\t\t\t\t<\/span>\n\t\t\t\t\t\t\t\t\t\t\t\t<a class=\"elementor-toggle-title\" tabindex=\"0\">6.- Proceso de selecci\u00f3n.<\/a>\n\t\t\t\t\t<\/div>\n\n\t\t\t\t\t<div id=\"elementor-tab-content-3556\" class=\"elementor-tab-content elementor-clearfix\" data-tab=\"6\" role=\"region\" aria-labelledby=\"elementor-tab-title-3556\"><p>Lo llevar\u00e1 a cabo una comisi\u00f3n de investigaci\u00f3n designada por la Fundaci\u00f3n y se basar\u00e1 en los criterios siguientes:<\/p>\n<p>En la evaluaci\u00f3n de los proyectos se considerar\u00e1 la calidad del proyecto en un 40%, el curr\u00edculum del\/la solicitante en un 30% y el historial del grupo en relaci\u00f3n con la tem\u00e1tica de la convocatoria en un 30% seg\u00fan la valoraci\u00f3n que realice la comisi\u00f3n de investigaci\u00f3n a partir de la documentaci\u00f3n presentada<\/p>\n<p>Al valorar la calidad del proyecto se tendr\u00e1 en cuenta la aplicaci\u00f3n cl\u00ednica o su explotaci\u00f3n en forma de patentes, as\u00ed como el papel de la bioinform\u00e1tica y la optimizaci\u00f3n de tecnolog\u00edas de alto rendimiento.<\/p>\n<p>En las solicitudes de la Beca Dion\u00eds Torres Segura se tomar\u00e1 en consideraci\u00f3n si el candidato propone una l\u00ednea de investigaci\u00f3n propia o un campo in\u00e9dito.<\/p>\n<p>Se ha previsto que la resoluci\u00f3n tenga lugar a finales del mes de Octubre, y el resultado se haga p\u00fablico a trav\u00e9s del Web de la Fundaci\u00f3n y mediante notificaci\u00f3n enviada por correo electr\u00f3nico a los\/las participantes. Se indicar\u00e1 la posici\u00f3n obtenida a los\/las participantes que queden clasificados\/das en las cinco primeras posiciones en cada beca. En ning\u00fan caso se facilitar\u00e1 informaci\u00f3n individual de las opiniones emitidas por los miembros del jurado. La adjudicaci\u00f3n se efectuar\u00e1 dentro de la misma anualidad.<\/p>\n<p>La presentaci\u00f3n de la solicitud implica la aceptaci\u00f3n expresa por parte del\/la candidato\/a de los criterios y las decisiones que la FOT pueda tomar en caso de surgir cualquier duda interpretativa sobre los requisitos y las condiciones enunciados en las presentes bases.<\/p>\n<p><em>Sant Quirze del Vall\u00e8s , 25 de Marzo de 2025.<\/em><\/p>\n<\/div>\n\t\t\t\t<\/div>\n\t\t\t\t\t\t\t\t<\/div>\n\t\t\t\t\t\t<\/div>\n\t\t\t\t<\/div>\n\t\t\t\t<div class=\"elementor-element elementor-element-a35ff92 elementor-position-inline-start elementor-view-default elementor-mobile-position-block-start elementor-widget elementor-widget-icon-box\" data-id=\"a35ff92\" data-element_type=\"widget\" data-e-type=\"widget\" data-widget_type=\"icon-box.default\">\n\t\t\t\t<div class=\"elementor-widget-container\">\n\t\t\t\t\t\t\t<div class=\"elementor-icon-box-wrapper\">\n\n\t\t\t\t\t\t<div class=\"elementor-icon-box-icon\">\n\t\t\t\t<a href=\"https:\/\/www.fundacioolgatorres.org\/wp-content\/uploads\/2025\/03\/Formulari-de-sol-licitud-editable-en-cast-2025.docx\" class=\"elementor-icon\" tabindex=\"-1\" aria-label=\"Descargar el formulario (editable) de solicitud\">\n\t\t\t\t<i aria-hidden=\"true\" class=\"far fa-file-pdf\"><\/i>\t\t\t\t<\/a>\n\t\t\t<\/div>\n\t\t\t\n\t\t\t\t\t\t<div class=\"elementor-icon-box-content\">\n\n\t\t\t\t\t\t\t\t\t<p class=\"elementor-icon-box-title\">\n\t\t\t\t\t\t<a href=\"https:\/\/www.fundacioolgatorres.org\/wp-content\/uploads\/2025\/03\/Formulari-de-sol-licitud-editable-en-cast-2025.docx\" >\n\t\t\t\t\t\t\tDescargar el formulario (editable) de solicitud\t\t\t\t\t\t<\/a>\n\t\t\t\t\t<\/p>\n\t\t\t\t\n\t\t\t\t\n\t\t\t<\/div>\n\t\t\t\n\t\t<\/div>\n\t\t\t\t\t\t<\/div>\n\t\t\t\t<\/div>\n\t\t\t\t\t<\/div>\n\t\t<\/div>\n\t\t\t\t\t<\/div>\n\t\t<\/section>\n\t\t\t\t<\/div>\n\t\t","protected":false},"excerpt":{"rendered":"<p>Ha quedado abierta la convocatoria de becas para desarrollar proyectos de investigaci\u00f3n sobre C\u00e1ncer Colorectal. <\/p>\n","protected":false},"author":1,"featured_media":8782,"comment_status":"open","ping_status":"open","sticky":false,"template":"elementor_header_footer","format":"standard","meta":{"give_campaign_id":0,"footnotes":""},"categories":[10],"tags":[],"class_list":["post-8813","post","type-post","status-publish","format-standard","has-post-thumbnail","hentry","category-sin-categorizar"],"_links":{"self":[{"href":"https:\/\/www.fundacioolgatorres.org\/es\/wp-json\/wp\/v2\/posts\/8813","targetHints":{"allow":["GET"]}}],"collection":[{"href":"https:\/\/www.fundacioolgatorres.org\/es\/wp-json\/wp\/v2\/posts"}],"about":[{"href":"https:\/\/www.fundacioolgatorres.org\/es\/wp-json\/wp\/v2\/types\/post"}],"author":[{"embeddable":true,"href":"https:\/\/www.fundacioolgatorres.org\/es\/wp-json\/wp\/v2\/users\/1"}],"replies":[{"embeddable":true,"href":"https:\/\/www.fundacioolgatorres.org\/es\/wp-json\/wp\/v2\/comments?post=8813"}],"version-history":[{"count":3,"href":"https:\/\/www.fundacioolgatorres.org\/es\/wp-json\/wp\/v2\/posts\/8813\/revisions"}],"predecessor-version":[{"id":8824,"href":"https:\/\/www.fundacioolgatorres.org\/es\/wp-json\/wp\/v2\/posts\/8813\/revisions\/8824"}],"wp:featuredmedia":[{"embeddable":true,"href":"https:\/\/www.fundacioolgatorres.org\/es\/wp-json\/wp\/v2\/media\/8782"}],"wp:attachment":[{"href":"https:\/\/www.fundacioolgatorres.org\/es\/wp-json\/wp\/v2\/media?parent=8813"}],"wp:term":[{"taxonomy":"category","embeddable":true,"href":"https:\/\/www.fundacioolgatorres.org\/es\/wp-json\/wp\/v2\/categories?post=8813"},{"taxonomy":"post_tag","embeddable":true,"href":"https:\/\/www.fundacioolgatorres.org\/es\/wp-json\/wp\/v2\/tags?post=8813"}],"curies":[{"name":"wp","href":"https:\/\/api.w.org\/{rel}","templated":true}]}}