{"id":6367,"date":"2021-10-30T09:29:30","date_gmt":"2021-10-30T09:29:30","guid":{"rendered":"https:\/\/www.fundacioolgatorres.org\/2022\/03\/17\/concesion-de-las-becas-de-la-fot-para-proyectos-de-investigacion-sobre-el-cancer-colorectal\/"},"modified":"2022-03-17T09:49:13","modified_gmt":"2022-03-17T09:49:13","slug":"concesion-de-las-becas-de-la-fot-para-proyectos-de-investigacion-sobre-el-cancer-colorectal","status":"publish","type":"post","link":"https:\/\/www.fundacioolgatorres.org\/es\/2021\/10\/30\/concesion-de-las-becas-de-la-fot-para-proyectos-de-investigacion-sobre-el-cancer-colorectal\/","title":{"rendered":"Concesi\u00f3n de las becas de la FOT para proyectos de investigaci\u00f3n sobre el c\u00e1ncer colorectal"},"content":{"rendered":"\t\t<div data-elementor-type=\"wp-post\" data-elementor-id=\"6367\" class=\"elementor elementor-6367 elementor-3079\" data-elementor-post-type=\"post\">\n\t\t\t\t\t\t<section class=\"elementor-section elementor-top-section elementor-element elementor-element-845e47e elementor-section-boxed elementor-section-height-default elementor-section-height-default\" data-id=\"845e47e\" data-element_type=\"section\" data-e-type=\"section\">\n\t\t\t\t\t\t<div class=\"elementor-container elementor-column-gap-default\">\n\t\t\t\t\t<div class=\"elementor-column elementor-col-100 elementor-top-column elementor-element elementor-element-ba0a0b3\" data-id=\"ba0a0b3\" data-element_type=\"column\" data-e-type=\"column\">\n\t\t\t<div class=\"elementor-widget-wrap elementor-element-populated\">\n\t\t\t\t\t\t<div class=\"elementor-element elementor-element-4a8bfad elementor-widget elementor-widget-theme-post-title elementor-page-title elementor-widget-heading\" data-id=\"4a8bfad\" data-element_type=\"widget\" data-e-type=\"widget\" data-widget_type=\"theme-post-title.default\">\n\t\t\t\t<div class=\"elementor-widget-container\">\n\t\t\t\t\t<h1 class=\"elementor-heading-title elementor-size-default\">Concesi\u00f3n de las becas de la FOT para proyectos de investigaci\u00f3n sobre el c\u00e1ncer colorectal<\/h1>\t\t\t\t<\/div>\n\t\t\t\t<\/div>\n\t\t\t\t\t<\/div>\n\t\t<\/div>\n\t\t\t\t\t<\/div>\n\t\t<\/section>\n\t\t\t\t<section class=\"elementor-section elementor-top-section elementor-element elementor-element-fe8a440 elementor-section-boxed elementor-section-height-default elementor-section-height-default\" data-id=\"fe8a440\" data-element_type=\"section\" data-e-type=\"section\">\n\t\t\t\t\t\t<div class=\"elementor-container elementor-column-gap-default\">\n\t\t\t\t\t<div class=\"elementor-column elementor-col-100 elementor-top-column elementor-element elementor-element-fd6b9f9\" data-id=\"fd6b9f9\" data-element_type=\"column\" data-e-type=\"column\">\n\t\t\t<div class=\"elementor-widget-wrap elementor-element-populated\">\n\t\t\t\t\t\t<div class=\"elementor-element elementor-element-bdef1f3 elementor-widget elementor-widget-image\" data-id=\"bdef1f3\" data-element_type=\"widget\" data-e-type=\"widget\" data-widget_type=\"image.default\">\n\t\t\t\t<div class=\"elementor-widget-container\">\n\t\t\t\t\t\t\t\t\t\t\t\t\t\t\t<img fetchpriority=\"high\" decoding=\"async\" width=\"768\" height=\"432\" src=\"https:\/\/www.fundacioolgatorres.org\/wp-content\/uploads\/2021\/10\/noticias-fot-3-768x432.jpg\" class=\"attachment-medium_large size-medium_large wp-image-4330\" alt=\"\" srcset=\"https:\/\/www.fundacioolgatorres.org\/wp-content\/uploads\/2021\/10\/noticias-fot-3-768x432.jpg 768w, https:\/\/www.fundacioolgatorres.org\/wp-content\/uploads\/2021\/10\/noticias-fot-3-300x169.jpg 300w, https:\/\/www.fundacioolgatorres.org\/wp-content\/uploads\/2021\/10\/noticias-fot-3.jpg 800w\" sizes=\"(max-width: 768px) 100vw, 768px\" \/>\t\t\t\t\t\t\t\t\t\t\t\t\t\t\t<\/div>\n\t\t\t\t<\/div>\n\t\t\t\t\t<\/div>\n\t\t<\/div>\n\t\t\t\t\t<\/div>\n\t\t<\/section>\n\t\t\t\t<section class=\"elementor-section elementor-top-section elementor-element elementor-element-35eaf66 elementor-section-boxed elementor-section-height-default elementor-section-height-default\" data-id=\"35eaf66\" data-element_type=\"section\" data-e-type=\"section\">\n\t\t\t\t\t\t<div class=\"elementor-container elementor-column-gap-default\">\n\t\t\t\t\t<div class=\"elementor-column elementor-col-100 elementor-top-column elementor-element elementor-element-02dc47e\" data-id=\"02dc47e\" data-element_type=\"column\" data-e-type=\"column\">\n\t\t\t<div class=\"elementor-widget-wrap elementor-element-populated\">\n\t\t\t\t\t\t<div class=\"elementor-element elementor-element-e1e375a elementor-widget elementor-widget-text-editor\" data-id=\"e1e375a\" data-element_type=\"widget\" data-e-type=\"widget\" data-widget_type=\"text-editor.default\">\n\t\t\t\t<div class=\"elementor-widget-container\">\n\t\t\t\t\t\t\t\t\t<p><span class=\"not_texto\">El d\u00eda 21 de Octubre de 2021 tuvo lugar la reuni\u00f3n del Jurado encargado de evaluar los proyectos presentados a la Convocatoria 2021\/2022.<\/span><\/p><p>Concurrieron un total de 37 proyectos, 18 de los cuales participaban en la Modalidad A dirigida a investigadores consolidados y 19 en la Modalidad B para investigadores emergentes.<\/p><p>Seg\u00fan el resultado de las valoraciones efectuadas la mayor puntuaci\u00f3n en las modalidades respectivas correspondi\u00f3 a los proyectos siguientes:<\/p><div><p><u>Modalidad A) Investigadores consolidados<\/u><\/p><p>T\u00edtol: <i>\u00abDeciphering the epigenomic signature induced by the carcinogenic pks+E.coli and its role in colorectal tumorigenesis.\u00bb<\/i><\/p><p>Autor:<strong>Dr. Manel Esteller Badosa<\/strong><\/p><p>Centro: Cancer epigen\u00e8tics Group<br>Instituto de Investigaci\u00f3n contra la Leuc\u00e8mia Josep Carreras.<br>(IJC).Badalona<\/p><\/div><div><p><u>Modalidad B) Investigadores emergentes<\/u><\/p><p>T\u00edtol: <i>\u201cOmic-wide colorectal cancer risk deciphering the missing heritability-COALESCE.\u201d<\/i><\/p><p>Autora: <strong>Dr\u00aa Ceres Fern\u00e1ndez Rozadilla<\/strong><\/p><p>Director del Proyecto: <strong>Dr. Angel Carracedo<\/strong><\/p><p>Centro: Fundacion P\u00fablica Galega de Medicina Xen\u00f3mica<br>Fundaci\u00f3n Instituto de Investigaci\u00f3n Sanitaria de Santiago de Compostela.<br>(IDIS) Santiago de Compostela<\/p><\/div><p><span class=\"not_texto\">El Patronato de la Fundaci\u00f3n a propuesta del Comit\u00e9 Cient\u00edfico aprob\u00f3 la concesi\u00f3n de las dos becas dotadas con 60.000 \u20ac, una a cada uno de los proyectos mencionados.<\/span><\/p><p>La investigaci\u00f3n se desarrollar\u00e1 en el curso de los ejercicios 2022 y 2023.<\/p><p><strong><span style=\"color: #454883;\"><a style=\"color: #454883;\" href=\"https:\/\/www.fundacioolgatorres.org\/convocatoria-beques\/\">&gt; Becas de investigaci\u00f3n<\/a><\/span><\/strong><\/p>\t\t\t\t\t\t\t\t<\/div>\n\t\t\t\t<\/div>\n\t\t\t\t<div class=\"elementor-element elementor-element-69ab611 elementor-widget elementor-widget-text-editor\" data-id=\"69ab611\" data-element_type=\"widget\" data-e-type=\"widget\" data-widget_type=\"text-editor.default\">\n\t\t\t\t<div class=\"elementor-widget-container\">\n\t\t\t\t\t\t\t\t\t<p><strong>30 de octubre de 2021<\/strong><\/p>\t\t\t\t\t\t\t\t<\/div>\n\t\t\t\t<\/div>\n\t\t\t\t\t<\/div>\n\t\t<\/div>\n\t\t\t\t\t<\/div>\n\t\t<\/section>\n\t\t\t\t<\/div>\n\t\t","protected":false},"excerpt":{"rendered":"<p>El d\u00eda 21 de Octubre de 2021 tuvo lugar la reuni\u00f3n del Jurado encargado de evaluar los proyectos presentados a la Convocatoria 2021\/2022. Concurrieron un total de 37 proyectos, 18 de los cuales participaban en la Modalidad A dirigida a investigadores consolidados y 19 en la Modalidad B para investigadores emergentes. Seg\u00fan el resultado de [&hellip;]<\/p>\n","protected":false},"author":1,"featured_media":4332,"comment_status":"open","ping_status":"open","sticky":false,"template":"elementor_header_footer","format":"standard","meta":{"give_campaign_id":0,"footnotes":""},"categories":[24],"tags":[],"class_list":["post-6367","post","type-post","status-publish","format-standard","has-post-thumbnail","hentry","category-noticia-destacada-es"],"_links":{"self":[{"href":"https:\/\/www.fundacioolgatorres.org\/es\/wp-json\/wp\/v2\/posts\/6367","targetHints":{"allow":["GET"]}}],"collection":[{"href":"https:\/\/www.fundacioolgatorres.org\/es\/wp-json\/wp\/v2\/posts"}],"about":[{"href":"https:\/\/www.fundacioolgatorres.org\/es\/wp-json\/wp\/v2\/types\/post"}],"author":[{"embeddable":true,"href":"https:\/\/www.fundacioolgatorres.org\/es\/wp-json\/wp\/v2\/users\/1"}],"replies":[{"embeddable":true,"href":"https:\/\/www.fundacioolgatorres.org\/es\/wp-json\/wp\/v2\/comments?post=6367"}],"version-history":[{"count":0,"href":"https:\/\/www.fundacioolgatorres.org\/es\/wp-json\/wp\/v2\/posts\/6367\/revisions"}],"wp:featuredmedia":[{"embeddable":true,"href":"https:\/\/www.fundacioolgatorres.org\/es\/wp-json\/wp\/v2\/media\/4332"}],"wp:attachment":[{"href":"https:\/\/www.fundacioolgatorres.org\/es\/wp-json\/wp\/v2\/media?parent=6367"}],"wp:term":[{"taxonomy":"category","embeddable":true,"href":"https:\/\/www.fundacioolgatorres.org\/es\/wp-json\/wp\/v2\/categories?post=6367"},{"taxonomy":"post_tag","embeddable":true,"href":"https:\/\/www.fundacioolgatorres.org\/es\/wp-json\/wp\/v2\/tags?post=6367"}],"curies":[{"name":"wp","href":"https:\/\/api.w.org\/{rel}","templated":true}]}}