{"id":6363,"date":"2021-10-30T09:24:09","date_gmt":"2021-10-30T09:24:09","guid":{"rendered":"https:\/\/www.fundacioolgatorres.org\/2022\/03\/17\/denominacion-de-las-becas-de-investigacion-sobre-el-cancer-colorrectal\/"},"modified":"2022-03-17T09:49:44","modified_gmt":"2022-03-17T09:49:44","slug":"denominacion-de-las-becas-de-investigacion-sobre-el-cancer-colorrectal","status":"publish","type":"post","link":"https:\/\/www.fundacioolgatorres.org\/es\/2021\/10\/30\/denominacion-de-las-becas-de-investigacion-sobre-el-cancer-colorrectal\/","title":{"rendered":"Denominaci\u00f3n de las becas de investigaci\u00f3n sobre el c\u00e1ncer colorrectal"},"content":{"rendered":"\t\t<div data-elementor-type=\"wp-post\" data-elementor-id=\"6363\" class=\"elementor elementor-6363 elementor-5828\" data-elementor-post-type=\"post\">\n\t\t\t\t\t\t<section class=\"elementor-section elementor-top-section elementor-element elementor-element-6700c98 elementor-section-boxed elementor-section-height-default elementor-section-height-default\" data-id=\"6700c98\" data-element_type=\"section\" data-e-type=\"section\">\n\t\t\t\t\t\t<div class=\"elementor-container elementor-column-gap-default\">\n\t\t\t\t\t<div class=\"elementor-column elementor-col-100 elementor-top-column elementor-element elementor-element-d21d360\" data-id=\"d21d360\" data-element_type=\"column\" data-e-type=\"column\">\n\t\t\t<div class=\"elementor-widget-wrap elementor-element-populated\">\n\t\t\t\t\t\t<div class=\"elementor-element elementor-element-276e657 elementor-widget elementor-widget-theme-post-title elementor-page-title elementor-widget-heading\" data-id=\"276e657\" data-element_type=\"widget\" data-e-type=\"widget\" data-widget_type=\"theme-post-title.default\">\n\t\t\t\t<div class=\"elementor-widget-container\">\n\t\t\t\t\t<h1 class=\"elementor-heading-title elementor-size-default\">Denominaci\u00f3n de las becas de investigaci\u00f3n sobre el c\u00e1ncer colorrectal<\/h1>\t\t\t\t<\/div>\n\t\t\t\t<\/div>\n\t\t\t\t\t<\/div>\n\t\t<\/div>\n\t\t\t\t\t<\/div>\n\t\t<\/section>\n\t\t\t\t<section class=\"elementor-section elementor-top-section elementor-element elementor-element-fe8a440 elementor-section-boxed elementor-section-height-default elementor-section-height-default\" data-id=\"fe8a440\" data-element_type=\"section\" data-e-type=\"section\">\n\t\t\t\t\t\t<div class=\"elementor-container elementor-column-gap-default\">\n\t\t\t\t\t<div class=\"elementor-column elementor-col-100 elementor-top-column elementor-element elementor-element-fd6b9f9\" data-id=\"fd6b9f9\" data-element_type=\"column\" data-e-type=\"column\">\n\t\t\t<div class=\"elementor-widget-wrap elementor-element-populated\">\n\t\t\t\t\t\t<div class=\"elementor-element elementor-element-bdef1f3 elementor-widget elementor-widget-image\" data-id=\"bdef1f3\" data-element_type=\"widget\" data-e-type=\"widget\" data-widget_type=\"image.default\">\n\t\t\t\t<div class=\"elementor-widget-container\">\n\t\t\t\t\t\t\t\t\t\t\t\t\t\t\t<img fetchpriority=\"high\" decoding=\"async\" width=\"600\" height=\"338\" src=\"https:\/\/www.fundacioolgatorres.org\/wp-content\/uploads\/2021\/10\/imagen-blog.jpg\" class=\"attachment-medium_large size-medium_large wp-image-5832\" alt=\"\" srcset=\"https:\/\/www.fundacioolgatorres.org\/wp-content\/uploads\/2021\/10\/imagen-blog.jpg 600w, https:\/\/www.fundacioolgatorres.org\/wp-content\/uploads\/2021\/10\/imagen-blog-300x169.jpg 300w\" sizes=\"(max-width: 600px) 100vw, 600px\" \/>\t\t\t\t\t\t\t\t\t\t\t\t\t\t\t<\/div>\n\t\t\t\t<\/div>\n\t\t\t\t\t<\/div>\n\t\t<\/div>\n\t\t\t\t\t<\/div>\n\t\t<\/section>\n\t\t\t\t<section class=\"elementor-section elementor-top-section elementor-element elementor-element-35eaf66 elementor-section-boxed elementor-section-height-default elementor-section-height-default\" data-id=\"35eaf66\" data-element_type=\"section\" data-e-type=\"section\">\n\t\t\t\t\t\t<div class=\"elementor-container elementor-column-gap-default\">\n\t\t\t\t\t<div class=\"elementor-column elementor-col-100 elementor-top-column elementor-element elementor-element-02dc47e\" data-id=\"02dc47e\" data-element_type=\"column\" data-e-type=\"column\">\n\t\t\t<div class=\"elementor-widget-wrap elementor-element-populated\">\n\t\t\t\t\t\t<div class=\"elementor-element elementor-element-e1e375a elementor-widget elementor-widget-text-editor\" data-id=\"e1e375a\" data-element_type=\"widget\" data-e-type=\"widget\" data-widget_type=\"text-editor.default\">\n\t\t\t\t<div class=\"elementor-widget-container\">\n\t\t\t\t\t\t\t\t\t<p>En la reuni\u00f3n conjunta del Patronato y el Comit\u00e9 Cient\u00edfico de la Fundaci\u00f3n celebrada el 21 de Octubre de 2021 se aprobaron las bases de la Convocatoria 2022\/2023.<\/p><p>Entre los acuerdos adoptados se decidi\u00f3 que para la pr\u00f3xima convocatoria y las sucesivas y para honrar la memoria del sr. Josep Bombard\u00f3 Navin\u00e9s y del Sr. Dion\u00eds Torres Segura, dar su nombre respectivamente a las becas de las modalidades para investigadores consolidados en el caso del sr. Bombard\u00f3 i emergentes en el del Sr. Torres.<\/p>\t\t\t\t\t\t\t\t<\/div>\n\t\t\t\t<\/div>\n\t\t\t\t<div class=\"elementor-element elementor-element-69ab611 elementor-widget elementor-widget-text-editor\" data-id=\"69ab611\" data-element_type=\"widget\" data-e-type=\"widget\" data-widget_type=\"text-editor.default\">\n\t\t\t\t<div class=\"elementor-widget-container\">\n\t\t\t\t\t\t\t\t\t<p><strong>30 de octubre de 2021<\/strong><\/p>\t\t\t\t\t\t\t\t<\/div>\n\t\t\t\t<\/div>\n\t\t\t\t\t<\/div>\n\t\t<\/div>\n\t\t\t\t\t<\/div>\n\t\t<\/section>\n\t\t\t\t<\/div>\n\t\t","protected":false},"excerpt":{"rendered":"<p>En la reuni\u00f3n conjunta del Patronato y el Comit\u00e9 Cient\u00edfico de la Fundaci\u00f3n celebrada el 21 de Octubre de 2021 se aprobaron las bases de la Convocatoria 2022\/2023. Entre los acuerdos adoptados se decidi\u00f3 que para la pr\u00f3xima convocatoria y las sucesivas y para honrar la memoria del sr. Josep Bombard\u00f3 Navin\u00e9s y del Sr. [&hellip;]<\/p>\n","protected":false},"author":1,"featured_media":5832,"comment_status":"open","ping_status":"open","sticky":false,"template":"elementor_header_footer","format":"standard","meta":{"give_campaign_id":0,"footnotes":""},"categories":[22,24],"tags":[],"class_list":["post-6363","post","type-post","status-publish","format-standard","has-post-thumbnail","hentry","category-fundacion","category-noticia-destacada-es"],"_links":{"self":[{"href":"https:\/\/www.fundacioolgatorres.org\/es\/wp-json\/wp\/v2\/posts\/6363","targetHints":{"allow":["GET"]}}],"collection":[{"href":"https:\/\/www.fundacioolgatorres.org\/es\/wp-json\/wp\/v2\/posts"}],"about":[{"href":"https:\/\/www.fundacioolgatorres.org\/es\/wp-json\/wp\/v2\/types\/post"}],"author":[{"embeddable":true,"href":"https:\/\/www.fundacioolgatorres.org\/es\/wp-json\/wp\/v2\/users\/1"}],"replies":[{"embeddable":true,"href":"https:\/\/www.fundacioolgatorres.org\/es\/wp-json\/wp\/v2\/comments?post=6363"}],"version-history":[{"count":0,"href":"https:\/\/www.fundacioolgatorres.org\/es\/wp-json\/wp\/v2\/posts\/6363\/revisions"}],"wp:featuredmedia":[{"embeddable":true,"href":"https:\/\/www.fundacioolgatorres.org\/es\/wp-json\/wp\/v2\/media\/5832"}],"wp:attachment":[{"href":"https:\/\/www.fundacioolgatorres.org\/es\/wp-json\/wp\/v2\/media?parent=6363"}],"wp:term":[{"taxonomy":"category","embeddable":true,"href":"https:\/\/www.fundacioolgatorres.org\/es\/wp-json\/wp\/v2\/categories?post=6363"},{"taxonomy":"post_tag","embeddable":true,"href":"https:\/\/www.fundacioolgatorres.org\/es\/wp-json\/wp\/v2\/tags?post=6363"}],"curies":[{"name":"wp","href":"https:\/\/api.w.org\/{rel}","templated":true}]}}