{"id":6359,"date":"2021-11-25T09:08:53","date_gmt":"2021-11-25T09:08:53","guid":{"rendered":"https:\/\/www.fundacioolgatorres.org\/2022\/03\/17\/nueva-presidencia-en-la-fundacion\/"},"modified":"2022-03-18T17:04:11","modified_gmt":"2022-03-18T17:04:11","slug":"nueva-presidencia-en-la-fundacion","status":"publish","type":"post","link":"https:\/\/www.fundacioolgatorres.org\/es\/2021\/11\/25\/nueva-presidencia-en-la-fundacion\/","title":{"rendered":"Nueva presidencia en la Fundaci\u00f3n"},"content":{"rendered":"\t\t<div data-elementor-type=\"wp-post\" data-elementor-id=\"6359\" class=\"elementor elementor-6359 elementor-5837\" data-elementor-post-type=\"post\">\n\t\t\t\t\t\t<section class=\"elementor-section elementor-top-section elementor-element elementor-element-2811d3d elementor-section-boxed elementor-section-height-default elementor-section-height-default\" data-id=\"2811d3d\" data-element_type=\"section\" data-e-type=\"section\">\n\t\t\t\t\t\t<div class=\"elementor-container elementor-column-gap-default\">\n\t\t\t\t\t<div class=\"elementor-column elementor-col-100 elementor-top-column elementor-element elementor-element-cbcb28f\" data-id=\"cbcb28f\" data-element_type=\"column\" data-e-type=\"column\">\n\t\t\t<div class=\"elementor-widget-wrap elementor-element-populated\">\n\t\t\t\t\t\t<div class=\"elementor-element elementor-element-50aedb6 elementor-widget elementor-widget-theme-post-title elementor-page-title elementor-widget-heading\" data-id=\"50aedb6\" data-element_type=\"widget\" data-e-type=\"widget\" data-widget_type=\"theme-post-title.default\">\n\t\t\t\t<div class=\"elementor-widget-container\">\n\t\t\t\t\t<h1 class=\"elementor-heading-title elementor-size-default\">Nueva presidencia en la Fundaci\u00f3n<\/h1>\t\t\t\t<\/div>\n\t\t\t\t<\/div>\n\t\t\t\t\t<\/div>\n\t\t<\/div>\n\t\t\t\t\t<\/div>\n\t\t<\/section>\n\t\t\t\t<section class=\"elementor-section elementor-top-section elementor-element elementor-element-fe8a440 elementor-section-boxed elementor-section-height-default elementor-section-height-default\" data-id=\"fe8a440\" data-element_type=\"section\" data-e-type=\"section\">\n\t\t\t\t\t\t<div class=\"elementor-container elementor-column-gap-default\">\n\t\t\t\t\t<div class=\"elementor-column elementor-col-100 elementor-top-column elementor-element elementor-element-fd6b9f9\" data-id=\"fd6b9f9\" data-element_type=\"column\" data-e-type=\"column\">\n\t\t\t<div class=\"elementor-widget-wrap elementor-element-populated\">\n\t\t\t\t\t\t<div class=\"elementor-element elementor-element-bdef1f3 elementor-widget elementor-widget-image\" data-id=\"bdef1f3\" data-element_type=\"widget\" data-e-type=\"widget\" data-widget_type=\"image.default\">\n\t\t\t\t<div class=\"elementor-widget-container\">\n\t\t\t\t\t\t\t\t\t\t\t\t\t\t\t<img decoding=\"async\" src=\"https:\/\/www.fundacioolgatorres.org\/wp-content\/uploads\/elementor\/thumbs\/1-dr-bellmunt-qwnku324mcw4bedvxslgexa1awi1so1rc3gafjzjhs.jpg\" title=\"dr-bellmunt\" alt=\"dr-bellmunt\" loading=\"lazy\" \/>\t\t\t\t\t\t\t\t\t\t\t\t\t\t\t<\/div>\n\t\t\t\t<\/div>\n\t\t\t\t\t<\/div>\n\t\t<\/div>\n\t\t\t\t\t<\/div>\n\t\t<\/section>\n\t\t\t\t<section class=\"elementor-section elementor-top-section elementor-element elementor-element-35eaf66 elementor-section-boxed elementor-section-height-default elementor-section-height-default\" data-id=\"35eaf66\" data-element_type=\"section\" data-e-type=\"section\">\n\t\t\t\t\t\t<div class=\"elementor-container elementor-column-gap-default\">\n\t\t\t\t\t<div class=\"elementor-column elementor-col-100 elementor-top-column elementor-element elementor-element-02dc47e\" data-id=\"02dc47e\" data-element_type=\"column\" data-e-type=\"column\">\n\t\t\t<div class=\"elementor-widget-wrap elementor-element-populated\">\n\t\t\t\t\t\t<div class=\"elementor-element elementor-element-e1e375a elementor-widget elementor-widget-text-editor\" data-id=\"e1e375a\" data-element_type=\"widget\" data-e-type=\"widget\" data-widget_type=\"text-editor.default\">\n\t\t\t\t<div class=\"elementor-widget-container\">\n\t\t\t\t\t\t\t\t\t<p>El Patronato de la Fundaci\u00f3n procedi\u00f3 a remodelar la composici\u00f3n de la Presidencia, con la designaci\u00f3n del Doctor Joaquim Bellmunt Molins como nuevo presidente y de la Doctora Maria Teresa Sol\u00e9 Pujol como Vicepresidenta.<\/p><p>El Doctor Bellmunt, sabadellense, es un prestigioso onc\u00f3logo reconocido tanto a nivel nacional como internacional que ejerce su actividad en diversos centros del pa\u00eds compagin\u00e1ndola con la direcci\u00f3n del Bladder Cancer Clinic del Dana-Farber Cancer Institute de Boston (EE.UU.) y como profesor asociado en la Universidad de Harvard.<\/p><p>La relaci\u00f3n forjada con el sr. Josep Bombard\u00f3, mientras \u00e9ste ejerci\u00f3 la presidencia de la Fundaci\u00f3n, le dio motivo de conocer los objetivos de promover la investigaci\u00f3n m\u00e9dica y cient\u00edfica que se propon\u00eda la FOT. En 2014 particip\u00f3 en el acto de entrega de becas, impartiendo la conferencia magistral. Atendiendo a la petici\u00f3n que le hizo Josep Bombard\u00f3 de colaborar con la Fundaci\u00f3n y atendiendo a la invitaci\u00f3n de los patrones acept\u00f3 el reto de presidir la entidad, contando con el apoyo de los miembros del Patronato y del Comit\u00e9 Cient\u00edfico y muy especialmente de la Doctora Maite Sol\u00e9 Pujol que ha asumido la Vicepresidencia, conformando en conjunto un equipo s\u00f3lido y preparado.<\/p>\t\t\t\t\t\t\t\t<\/div>\n\t\t\t\t<\/div>\n\t\t\t\t<div class=\"elementor-element elementor-element-69ab611 elementor-widget elementor-widget-text-editor\" data-id=\"69ab611\" data-element_type=\"widget\" data-e-type=\"widget\" data-widget_type=\"text-editor.default\">\n\t\t\t\t<div class=\"elementor-widget-container\">\n\t\t\t\t\t\t\t\t\t<p><strong>25 de noviembre de 2021<\/strong><\/p>\t\t\t\t\t\t\t\t<\/div>\n\t\t\t\t<\/div>\n\t\t\t\t\t<\/div>\n\t\t<\/div>\n\t\t\t\t\t<\/div>\n\t\t<\/section>\n\t\t\t\t<\/div>\n\t\t","protected":false},"excerpt":{"rendered":"<p>El Patronato de la Fundaci\u00f3n procedi\u00f3 a remodelar la composici\u00f3n de la Presidencia, con la designaci\u00f3n del Doctor Joaquim Bellmunt Molins como nuevo presidente y de la Doctora Maria Teresa Sol\u00e9 Pujol como Vicepresidenta. El Doctor Bellmunt, sabadellense, es un prestigioso onc\u00f3logo reconocido tanto a nivel nacional como internacional que ejerce su actividad en diversos [&hellip;]<\/p>\n","protected":false},"author":1,"featured_media":5848,"comment_status":"open","ping_status":"open","sticky":false,"template":"elementor_header_footer","format":"standard","meta":{"give_campaign_id":0,"footnotes":""},"categories":[7,8],"tags":[],"class_list":["post-6359","post","type-post","status-publish","format-standard","has-post-thumbnail","hentry","category-fundacio","category-noticia-destacada"],"_links":{"self":[{"href":"https:\/\/www.fundacioolgatorres.org\/es\/wp-json\/wp\/v2\/posts\/6359","targetHints":{"allow":["GET"]}}],"collection":[{"href":"https:\/\/www.fundacioolgatorres.org\/es\/wp-json\/wp\/v2\/posts"}],"about":[{"href":"https:\/\/www.fundacioolgatorres.org\/es\/wp-json\/wp\/v2\/types\/post"}],"author":[{"embeddable":true,"href":"https:\/\/www.fundacioolgatorres.org\/es\/wp-json\/wp\/v2\/users\/1"}],"replies":[{"embeddable":true,"href":"https:\/\/www.fundacioolgatorres.org\/es\/wp-json\/wp\/v2\/comments?post=6359"}],"version-history":[{"count":0,"href":"https:\/\/www.fundacioolgatorres.org\/es\/wp-json\/wp\/v2\/posts\/6359\/revisions"}],"wp:featuredmedia":[{"embeddable":true,"href":"https:\/\/www.fundacioolgatorres.org\/es\/wp-json\/wp\/v2\/media\/5848"}],"wp:attachment":[{"href":"https:\/\/www.fundacioolgatorres.org\/es\/wp-json\/wp\/v2\/media?parent=6359"}],"wp:term":[{"taxonomy":"category","embeddable":true,"href":"https:\/\/www.fundacioolgatorres.org\/es\/wp-json\/wp\/v2\/categories?post=6359"},{"taxonomy":"post_tag","embeddable":true,"href":"https:\/\/www.fundacioolgatorres.org\/es\/wp-json\/wp\/v2\/tags?post=6359"}],"curies":[{"name":"wp","href":"https:\/\/api.w.org\/{rel}","templated":true}]}}