{"id":6072,"date":"2021-03-03T09:26:51","date_gmt":"2021-03-03T09:26:51","guid":{"rendered":"https:\/\/www.fundacioolgatorres.org\/2022\/03\/16\/defuncion-de-don-josep-bombardo-navines-presidente-de-la-fundacio-privada-olga-torres\/"},"modified":"2022-03-17T10:06:21","modified_gmt":"2022-03-17T10:06:21","slug":"defuncion-de-don-josep-bombardo-navines-presidente-de-la-fundacio-privada-olga-torres","status":"publish","type":"post","link":"https:\/\/www.fundacioolgatorres.org\/es\/2021\/03\/03\/defuncion-de-don-josep-bombardo-navines-presidente-de-la-fundacio-privada-olga-torres\/","title":{"rendered":"Defunci\u00f3n de Don Josep Bombard\u00f3 Navin\u00e9s, Presidente de la Fundaci\u00f3 Privada Olga Torres"},"content":{"rendered":"\t\t<div data-elementor-type=\"wp-post\" data-elementor-id=\"6072\" class=\"elementor elementor-6072 elementor-3055\" data-elementor-post-type=\"post\">\n\t\t\t\t\t\t<section class=\"elementor-section elementor-top-section elementor-element elementor-element-01cc075 elementor-section-boxed elementor-section-height-default elementor-section-height-default\" data-id=\"01cc075\" data-element_type=\"section\" data-e-type=\"section\">\n\t\t\t\t\t\t<div class=\"elementor-container elementor-column-gap-default\">\n\t\t\t\t\t<div class=\"elementor-column elementor-col-100 elementor-top-column elementor-element elementor-element-e6c3ac1\" data-id=\"e6c3ac1\" data-element_type=\"column\" data-e-type=\"column\">\n\t\t\t<div class=\"elementor-widget-wrap elementor-element-populated\">\n\t\t\t\t\t\t<div class=\"elementor-element elementor-element-72fe8ea elementor-widget elementor-widget-heading\" data-id=\"72fe8ea\" data-element_type=\"widget\" data-e-type=\"widget\" data-widget_type=\"heading.default\">\n\t\t\t\t<div class=\"elementor-widget-container\">\n\t\t\t\t\t<h2 class=\"elementor-heading-title elementor-size-default\">Josep Bombard\u00f3 - Remembranza<\/h2>\t\t\t\t<\/div>\n\t\t\t\t<\/div>\n\t\t\t\t\t<\/div>\n\t\t<\/div>\n\t\t\t\t\t<\/div>\n\t\t<\/section>\n\t\t\t\t<section class=\"elementor-section elementor-top-section elementor-element elementor-element-fe8a440 elementor-section-boxed elementor-section-height-default elementor-section-height-default\" data-id=\"fe8a440\" data-element_type=\"section\" data-e-type=\"section\">\n\t\t\t\t\t\t<div class=\"elementor-container elementor-column-gap-default\">\n\t\t\t\t\t<div class=\"elementor-column elementor-col-50 elementor-top-column elementor-element elementor-element-fd6b9f9\" data-id=\"fd6b9f9\" data-element_type=\"column\" data-e-type=\"column\">\n\t\t\t<div class=\"elementor-widget-wrap elementor-element-populated\">\n\t\t\t\t\t\t<div class=\"elementor-element elementor-element-bdef1f3 elementor-widget elementor-widget-image\" data-id=\"bdef1f3\" data-element_type=\"widget\" data-e-type=\"widget\" data-widget_type=\"image.default\">\n\t\t\t\t<div class=\"elementor-widget-container\">\n\t\t\t\t\t\t\t\t\t\t\t\t\t\t\t<img decoding=\"async\" src=\"https:\/\/www.fundacioolgatorres.org\/wp-content\/uploads\/elementor\/thumbs\/bombardo-qwnku3226nbjboqka07cgbibf5aw43lwv90v58akyc.png\" title=\"bombardo\" alt=\"bombardo\" loading=\"lazy\" \/>\t\t\t\t\t\t\t\t\t\t\t\t\t\t\t<\/div>\n\t\t\t\t<\/div>\n\t\t\t\t\t<\/div>\n\t\t<\/div>\n\t\t\t\t<div class=\"elementor-column elementor-col-50 elementor-top-column elementor-element elementor-element-fd3341e\" data-id=\"fd3341e\" data-element_type=\"column\" data-e-type=\"column\">\n\t\t\t<div class=\"elementor-widget-wrap elementor-element-populated\">\n\t\t\t\t\t\t<div class=\"elementor-element elementor-element-028c519 elementor-widget elementor-widget-spacer\" data-id=\"028c519\" data-element_type=\"widget\" data-e-type=\"widget\" data-widget_type=\"spacer.default\">\n\t\t\t\t<div class=\"elementor-widget-container\">\n\t\t\t\t\t\t\t<div class=\"elementor-spacer\">\n\t\t\t<div class=\"elementor-spacer-inner\"><\/div>\n\t\t<\/div>\n\t\t\t\t\t\t<\/div>\n\t\t\t\t<\/div>\n\t\t\t\t<div class=\"elementor-element elementor-element-14ee2f8 elementor-widget elementor-widget-heading\" data-id=\"14ee2f8\" data-element_type=\"widget\" data-e-type=\"widget\" data-widget_type=\"heading.default\">\n\t\t\t\t<div class=\"elementor-widget-container\">\n\t\t\t\t\t<h2 class=\"elementor-heading-title elementor-size-default\">Josep Bombard\u00f3 i Navin\u00e9s\n<\/h2>\t\t\t\t<\/div>\n\t\t\t\t<\/div>\n\t\t\t\t<div class=\"elementor-element elementor-element-a55b604 elementor-widget elementor-widget-text-editor\" data-id=\"a55b604\" data-element_type=\"widget\" data-e-type=\"widget\" data-widget_type=\"text-editor.default\">\n\t\t\t\t<div class=\"elementor-widget-container\">\n\t\t\t\t\t\t\t\t\t<p>Empresario<\/p><p>Presidente Fundaci\u00f3n Olga Torres (FOT)<br>2003-2021<\/p>\t\t\t\t\t\t\t\t<\/div>\n\t\t\t\t<\/div>\n\t\t\t\t\t<\/div>\n\t\t<\/div>\n\t\t\t\t\t<\/div>\n\t\t<\/section>\n\t\t\t\t<section class=\"elementor-section elementor-top-section elementor-element elementor-element-35eaf66 elementor-section-boxed elementor-section-height-default elementor-section-height-default\" data-id=\"35eaf66\" data-element_type=\"section\" data-e-type=\"section\">\n\t\t\t\t\t\t<div class=\"elementor-container elementor-column-gap-default\">\n\t\t\t\t\t<div class=\"elementor-column elementor-col-100 elementor-top-column elementor-element elementor-element-02dc47e\" data-id=\"02dc47e\" data-element_type=\"column\" data-e-type=\"column\">\n\t\t\t<div class=\"elementor-widget-wrap elementor-element-populated\">\n\t\t\t\t\t\t<div class=\"elementor-element elementor-element-e1e375a elementor-widget elementor-widget-text-editor\" data-id=\"e1e375a\" data-element_type=\"widget\" data-e-type=\"widget\" data-widget_type=\"text-editor.default\">\n\t\t\t\t<div class=\"elementor-widget-container\">\n\t\t\t\t\t\t\t\t\t<p>El pasado 3 de marzo de 2021 se produjo el deceso de Don Josep Bombard\u00f3 Navin\u00e9s, Presidente del Patronato de la Fundaci\u00f3 Olga Torres, a la edad de 74 a\u00f1os.<\/p><p>Josep Bombard\u00f3, empresario sabadellense del sector textil, destac\u00f3 por su inteligencia y gran capacidad de trabajo, cualidades que sumadas a una gran visi\u00f3n de futuro, un compromiso firme con la innovaci\u00f3n y una inquietud constante, le llevaron a promover m\u00faltiples iniciativas en el \u00e1mbito industrial, formativo y comercial. De entre muchas otras, destacan el impulso modernizador que confiri\u00f3 a la \u2018Fundaci\u00f3 per la Ind\u00fastria\u2019, su implicaci\u00f3n en la creaci\u00f3n de la Escuela Superior de Dise\u00f1o y la creaci\u00f3n del centro de negocios BMC. Presidi\u00f3 el Gremio de Fabricantes de Sabadell y fue siempre un defensor de la sostenibilidad, el medio ambiente y el reequilibrio territorial. <\/p><p> <\/p><blockquote><p><strong><em><span lang=\"CA\">\u00abNuestro compromiso con la investigaci\u00f3n nos permite hacer un llamamiento n\u00edtido y decidido a incrementar los recursos destinados a la investigaci\u00f3n m\u00e9dica con criterios de inversi\u00f3n y sostenibilidad, aprendiendo a hacer m\u00e1s con menos y en un marco de colaboraci\u00f3n p\u00fablico-privado.<\/span><\/em><\/strong><\/p><p><strong><em><span lang=\"CA\">Lo hacemos convencidos que es la \u00fanica forma de mejorar la calidad de vida colectiva asegurando la salud y asumiendo que se trata de una inversi\u00f3n que genera riqueza y ocupaci\u00f3n de calidad, lo cual permite atraer y retener talento. \u00danicamente de esta forma conseguiremos ser protagonistas del futuro. \u00ab<\/span><\/em><\/strong><\/p><\/blockquote><p><span lang=\"CA\">Fragmento del discurso pronunciado en el Acto acad\u00e9mico de entrega de becas de la Fundaci\u00f3 Olga Torres celebrado en el Auditorio del Hospital Parc Taul\u00ed de Sabadell el 20 de mayo de 2019.<\/span><\/p><p> <\/p><p>En el trato directo, destaba su personalidad firme pero al propio tiempo reflexiva y dialogante. Caracter\u00edsticas que le permitieron motivar equipos humanos y generar consensos.<\/p><p>En un \u00e1mbito m\u00e1s \u00edntimo fue una persona que valoraba en primer t\u00e9rmino la familia y, como ciudadano, un sabadellense amante de su ciudad, interes\u00e1ndose por todo lo que con ella se relacionara.<\/p><p>Form\u00f3 parte del Patronato de la FOT desde su fundaci\u00f3n en 2003 por Don Dionisio Torres Segura, industrial que leg\u00f3 todo su patrimonio para destinarlo a la investigaci\u00f3n m\u00e9dica con el fin de mejorar la salud de las personas. Tras el fallecimiento del se\u00f1or Torres, al cual le un\u00eda una gran amistad, el Patronato le eligi\u00f3 para el cargo de presidente, renov\u00e1ndole el mandato en los per\u00edodos sucesivos, acept\u00e1ndolo por fidelidad al compromiso adquirido con el amigo y, una vez al frente del Patronato, puso en marcha la estructura necesaria para fomentar la investigaci\u00f3n biom\u00e9dica oncol\u00f3gica incorporando nuevos colaboradores, creando el Comit\u00e9 Cient\u00edfico que a partir de entonces y de forma altruista al igual que el Patronato, ha asesorado a la FOT sobre las l\u00edneas de actuaci\u00f3n, focaliz\u00e1ndolas en la investigaci\u00f3n sobre el c\u00e1ncer de colon y promoviendo la colaboraci\u00f3n p\u00fablico-privada. <\/p><p>El Gobierno de la Generalitat de Catalunya, atendiendo la solicitud formulada por la Corporaci\u00f3n Sanitaria Parc Taul\u00ed de Sabadell y apoyada por los principales centros de investigaci\u00f3n y por reconocidos cient\u00edficos del \u00e1mbito de la medicina, as\u00ed como personalidades, entidades e instituciones diversas, en 2017 otorg\u00f3 a la FOT la Creu de Sant Jordi en reconocimiento por la labor llevada a cabo. <\/p><p>Durante los dieciocho a\u00f1os en que Josep Bombard\u00f3 ejerci\u00f3 su mandato como presidente, la FOT financi\u00f3 m\u00e1s de treinta proyectos de investigaci\u00f3n sobre c\u00e1ncer colorectal con una dotaci\u00f3n aproximada de dos millones de euros y cuyos resultados se han traducido en avances en el tratamiento del c\u00e1ncer de colon, el establecimiento de dianas para su detecci\u00f3n y diagn\u00f3stico, as\u00ed como el desarrollo de nuevas terapias y f\u00e1rmacos. <\/p><p>En el terreno ciudadano, la FOT ha colaborado con las entidades locales en iniciativas tales como la celebraci\u00f3n de las ediciones de la Noche de la Ciencia, para la cual instituy\u00f3 un premio para trabajos de divulgaci\u00f3n sobre el c\u00e1ncer colorectal. Tambi\u00e9n contribuy\u00f3 con la donaci\u00f3n de un aparato videocolonoscopio a la campa\u00f1a para la detecci\u00f3n del c\u00e1ncer colorectal llevada a cabo por parte del Hospital de Sabadell entre su \u00e1rea poblacional. <\/p><p>Josep Bombard\u00f3 ha sido un referente y un ejemplo. Su liderazgo nos muestra el camino a seguir. <\/p><p> <\/p><p><em>El Patronato de la Fundaci\u00f3 Olga Torres<\/em><\/p><p><em>Marzo de 2021<\/em><\/p>\t\t\t\t\t\t\t\t<\/div>\n\t\t\t\t<\/div>\n\t\t\t\t\t<\/div>\n\t\t<\/div>\n\t\t\t\t\t<\/div>\n\t\t<\/section>\n\t\t\t\t<\/div>\n\t\t","protected":false},"excerpt":{"rendered":"<p>Josep Bombard\u00f3 &#8211; Remembranza Josep Bombard\u00f3 i Navin\u00e9s Empresario Presidente Fundaci\u00f3n Olga Torres (FOT)2003-2021 El pasado 3 de marzo de 2021 se produjo el deceso de Don Josep Bombard\u00f3 Navin\u00e9s, Presidente del Patronato de la Fundaci\u00f3 Olga Torres, a la edad de 74 a\u00f1os. Josep Bombard\u00f3, empresario sabadellense del sector textil, destac\u00f3 por su inteligencia [&hellip;]<\/p>\n","protected":false},"author":1,"featured_media":4326,"comment_status":"open","ping_status":"open","sticky":false,"template":"elementor_header_footer","format":"standard","meta":{"give_campaign_id":0,"footnotes":""},"categories":[24],"tags":[],"class_list":["post-6072","post","type-post","status-publish","format-standard","has-post-thumbnail","hentry","category-noticia-destacada-es"],"_links":{"self":[{"href":"https:\/\/www.fundacioolgatorres.org\/es\/wp-json\/wp\/v2\/posts\/6072","targetHints":{"allow":["GET"]}}],"collection":[{"href":"https:\/\/www.fundacioolgatorres.org\/es\/wp-json\/wp\/v2\/posts"}],"about":[{"href":"https:\/\/www.fundacioolgatorres.org\/es\/wp-json\/wp\/v2\/types\/post"}],"author":[{"embeddable":true,"href":"https:\/\/www.fundacioolgatorres.org\/es\/wp-json\/wp\/v2\/users\/1"}],"replies":[{"embeddable":true,"href":"https:\/\/www.fundacioolgatorres.org\/es\/wp-json\/wp\/v2\/comments?post=6072"}],"version-history":[{"count":0,"href":"https:\/\/www.fundacioolgatorres.org\/es\/wp-json\/wp\/v2\/posts\/6072\/revisions"}],"wp:featuredmedia":[{"embeddable":true,"href":"https:\/\/www.fundacioolgatorres.org\/es\/wp-json\/wp\/v2\/media\/4326"}],"wp:attachment":[{"href":"https:\/\/www.fundacioolgatorres.org\/es\/wp-json\/wp\/v2\/media?parent=6072"}],"wp:term":[{"taxonomy":"category","embeddable":true,"href":"https:\/\/www.fundacioolgatorres.org\/es\/wp-json\/wp\/v2\/categories?post=6072"},{"taxonomy":"post_tag","embeddable":true,"href":"https:\/\/www.fundacioolgatorres.org\/es\/wp-json\/wp\/v2\/tags?post=6072"}],"curies":[{"name":"wp","href":"https:\/\/api.w.org\/{rel}","templated":true}]}}