{"id":6057,"date":"2021-03-15T17:30:42","date_gmt":"2021-03-15T17:30:42","guid":{"rendered":"https:\/\/www.fundacioolgatorres.org\/2022\/03\/15\/convocatoria-becas-de-investigacion-2020-2021-sobre-cancer-colorectal-cerrada-pendiente-de-resolucion\/"},"modified":"2023-06-06T16:29:03","modified_gmt":"2023-06-06T16:29:03","slug":"convocatoria-becas-de-investigacion-2020-2021-sobre-cancer-colorectal-cerrada-pendiente-de-resolucion","status":"publish","type":"post","link":"https:\/\/www.fundacioolgatorres.org\/es\/2021\/03\/15\/convocatoria-becas-de-investigacion-2020-2021-sobre-cancer-colorectal-cerrada-pendiente-de-resolucion\/","title":{"rendered":"Convocatoria becas de investigaci\u00f3n 2020\/2021 sobre c\u00e1ncer colorectal &#8211; Cerrada. Pendiente de resoluci\u00f3n"},"content":{"rendered":"\t\t<div data-elementor-type=\"wp-post\" data-elementor-id=\"6057\" class=\"elementor elementor-6057 elementor-3039\" data-elementor-post-type=\"post\">\n\t\t\t\t\t\t<section class=\"elementor-section elementor-top-section elementor-element elementor-element-01cc075 elementor-section-boxed elementor-section-height-default elementor-section-height-default\" data-id=\"01cc075\" data-element_type=\"section\" data-e-type=\"section\">\n\t\t\t\t\t\t<div class=\"elementor-container elementor-column-gap-default\">\n\t\t\t\t\t<div class=\"elementor-column elementor-col-100 elementor-top-column elementor-element elementor-element-e6c3ac1\" data-id=\"e6c3ac1\" data-element_type=\"column\" data-e-type=\"column\">\n\t\t\t<div class=\"elementor-widget-wrap elementor-element-populated\">\n\t\t\t\t\t\t<div class=\"elementor-element elementor-element-72fe8ea elementor-widget elementor-widget-heading\" data-id=\"72fe8ea\" data-element_type=\"widget\" data-e-type=\"widget\" data-widget_type=\"heading.default\">\n\t\t\t\t<div class=\"elementor-widget-container\">\n\t\t\t\t\t<h2 class=\"elementor-heading-title elementor-size-default\">Convocatoria becas de investigaci\u00f3n 2020\/2021 sobre c\u00e1ncer colorectal - Cerrada. Pendiente de resoluci\u00f3n<\/h2>\t\t\t\t<\/div>\n\t\t\t\t<\/div>\n\t\t\t\t\t<\/div>\n\t\t<\/div>\n\t\t\t\t\t<\/div>\n\t\t<\/section>\n\t\t\t\t<section class=\"elementor-section elementor-top-section elementor-element elementor-element-fe8a440 elementor-section-boxed elementor-section-height-default elementor-section-height-default\" data-id=\"fe8a440\" data-element_type=\"section\" data-e-type=\"section\">\n\t\t\t\t\t\t<div class=\"elementor-container elementor-column-gap-default\">\n\t\t\t\t\t<div class=\"elementor-column elementor-col-100 elementor-top-column elementor-element elementor-element-fd6b9f9\" data-id=\"fd6b9f9\" data-element_type=\"column\" data-e-type=\"column\">\n\t\t\t<div class=\"elementor-widget-wrap elementor-element-populated\">\n\t\t\t\t\t\t<div class=\"elementor-element elementor-element-bdef1f3 elementor-widget elementor-widget-image\" data-id=\"bdef1f3\" data-element_type=\"widget\" data-e-type=\"widget\" data-widget_type=\"image.default\">\n\t\t\t\t<div class=\"elementor-widget-container\">\n\t\t\t\t\t\t\t\t\t\t\t\t\t\t\t<img fetchpriority=\"high\" decoding=\"async\" width=\"768\" height=\"432\" src=\"https:\/\/www.fundacioolgatorres.org\/wp-content\/uploads\/2021\/12\/adn-fot-768x432.jpg\" class=\"attachment-medium_large size-medium_large wp-image-4159\" alt=\"\" srcset=\"https:\/\/www.fundacioolgatorres.org\/wp-content\/uploads\/2021\/12\/adn-fot-768x432.jpg 768w, https:\/\/www.fundacioolgatorres.org\/wp-content\/uploads\/2021\/12\/adn-fot-300x169.jpg 300w, https:\/\/www.fundacioolgatorres.org\/wp-content\/uploads\/2021\/12\/adn-fot-1024x576.jpg 1024w, https:\/\/www.fundacioolgatorres.org\/wp-content\/uploads\/2021\/12\/adn-fot-1536x864.jpg 1536w, https:\/\/www.fundacioolgatorres.org\/wp-content\/uploads\/2021\/12\/adn-fot.jpg 2000w\" sizes=\"(max-width: 768px) 100vw, 768px\" \/>\t\t\t\t\t\t\t\t\t\t\t\t\t\t\t<\/div>\n\t\t\t\t<\/div>\n\t\t\t\t\t<\/div>\n\t\t<\/div>\n\t\t\t\t\t<\/div>\n\t\t<\/section>\n\t\t\t\t<section class=\"elementor-section elementor-top-section elementor-element elementor-element-ae87990 elementor-section-boxed elementor-section-height-default elementor-section-height-default\" data-id=\"ae87990\" data-element_type=\"section\" data-e-type=\"section\">\n\t\t\t\t\t\t<div class=\"elementor-container elementor-column-gap-default\">\n\t\t\t\t\t<div class=\"elementor-column elementor-col-100 elementor-top-column elementor-element elementor-element-b5c7063\" data-id=\"b5c7063\" data-element_type=\"column\" data-e-type=\"column\">\n\t\t\t<div class=\"elementor-widget-wrap elementor-element-populated\">\n\t\t\t\t\t\t<div class=\"elementor-element elementor-element-ba7973d elementor-widget elementor-widget-spacer\" data-id=\"ba7973d\" data-element_type=\"widget\" data-e-type=\"widget\" data-widget_type=\"spacer.default\">\n\t\t\t\t<div class=\"elementor-widget-container\">\n\t\t\t\t\t\t\t<div class=\"elementor-spacer\">\n\t\t\t<div class=\"elementor-spacer-inner\"><\/div>\n\t\t<\/div>\n\t\t\t\t\t\t<\/div>\n\t\t\t\t<\/div>\n\t\t\t\t\t<\/div>\n\t\t<\/div>\n\t\t\t\t\t<\/div>\n\t\t<\/section>\n\t\t\t\t<section class=\"elementor-section elementor-top-section elementor-element elementor-element-5a29faa elementor-section-boxed elementor-section-height-default elementor-section-height-default\" data-id=\"5a29faa\" data-element_type=\"section\" data-e-type=\"section\">\n\t\t\t\t\t\t<div class=\"elementor-container elementor-column-gap-default\">\n\t\t\t\t\t<div class=\"elementor-column elementor-col-100 elementor-top-column elementor-element elementor-element-2a69e86\" data-id=\"2a69e86\" data-element_type=\"column\" data-e-type=\"column\">\n\t\t\t<div class=\"elementor-widget-wrap elementor-element-populated\">\n\t\t\t\t\t\t<div class=\"elementor-element elementor-element-040b54e elementor-widget elementor-widget-heading\" data-id=\"040b54e\" data-element_type=\"widget\" data-e-type=\"widget\" data-widget_type=\"heading.default\">\n\t\t\t\t<div class=\"elementor-widget-container\">\n\t\t\t\t\t<h2 class=\"elementor-heading-title elementor-size-default\">Convocatoria becas Ejercicio 2020\/21<\/h2>\t\t\t\t<\/div>\n\t\t\t\t<\/div>\n\t\t\t\t\t<\/div>\n\t\t<\/div>\n\t\t\t\t\t<\/div>\n\t\t<\/section>\n\t\t\t\t<section class=\"elementor-section elementor-top-section elementor-element elementor-element-57996ee elementor-section-boxed elementor-section-height-default elementor-section-height-default\" data-id=\"57996ee\" data-element_type=\"section\" data-e-type=\"section\">\n\t\t\t\t\t\t<div class=\"elementor-container elementor-column-gap-default\">\n\t\t\t\t\t<div class=\"elementor-column elementor-col-100 elementor-top-column elementor-element elementor-element-7b34656\" data-id=\"7b34656\" data-element_type=\"column\" data-e-type=\"column\">\n\t\t\t<div class=\"elementor-widget-wrap elementor-element-populated\">\n\t\t\t\t\t\t<div class=\"elementor-element elementor-element-fdcdc3a elementor-widget elementor-widget-text-editor\" data-id=\"fdcdc3a\" data-element_type=\"widget\" data-e-type=\"widget\" data-widget_type=\"text-editor.default\">\n\t\t\t\t<div class=\"elementor-widget-container\">\n\t\t\t\t\t\t\t\t\t<p>CONVOCATORIA DE BECAS DE INVESTIGACI\u00d3N.<br>PROGRAMA DE BECAS POSTDOCTORALES A\u00d1O 2020.<br>FUNDACI\u00d3 PRIVADA OLGA TORRES.<\/p><p><strong>Bases de la convocatoria.<\/strong><\/p>\t\t\t\t\t\t\t\t<\/div>\n\t\t\t\t<\/div>\n\t\t\t\t\t<\/div>\n\t\t<\/div>\n\t\t\t\t\t<\/div>\n\t\t<\/section>\n\t\t\t\t<section class=\"elementor-section elementor-top-section elementor-element elementor-element-96e3ca1 elementor-section-boxed elementor-section-height-default elementor-section-height-default\" data-id=\"96e3ca1\" data-element_type=\"section\" data-e-type=\"section\">\n\t\t\t\t\t\t<div class=\"elementor-container elementor-column-gap-default\">\n\t\t\t\t\t<div class=\"elementor-column elementor-col-100 elementor-top-column elementor-element elementor-element-099185f\" data-id=\"099185f\" data-element_type=\"column\" data-e-type=\"column\">\n\t\t\t<div class=\"elementor-widget-wrap elementor-element-populated\">\n\t\t\t\t\t\t<div class=\"elementor-element elementor-element-6b3e17e elementor-widget elementor-widget-toggle\" data-id=\"6b3e17e\" data-element_type=\"widget\" data-e-type=\"widget\" data-widget_type=\"toggle.default\">\n\t\t\t\t<div class=\"elementor-widget-container\">\n\t\t\t\t\t\t\t<div class=\"elementor-toggle\">\n\t\t\t\t\t\t\t<div class=\"elementor-toggle-item\">\n\t\t\t\t\t<div id=\"elementor-tab-title-1121\" class=\"elementor-tab-title\" data-tab=\"1\" role=\"button\" aria-controls=\"elementor-tab-content-1121\" aria-expanded=\"false\">\n\t\t\t\t\t\t\t\t\t\t\t\t<span class=\"elementor-toggle-icon elementor-toggle-icon-left\" aria-hidden=\"true\">\n\t\t\t\t\t\t\t\t\t\t\t\t\t\t\t<span class=\"elementor-toggle-icon-closed\"><i class=\"fas fa-caret-right\"><\/i><\/span>\n\t\t\t\t\t\t\t\t<span class=\"elementor-toggle-icon-opened\"><i class=\"elementor-toggle-icon-opened fas fa-caret-up\"><\/i><\/span>\n\t\t\t\t\t\t\t\t\t\t\t\t\t<\/span>\n\t\t\t\t\t\t\t\t\t\t\t\t<a class=\"elementor-toggle-title\" tabindex=\"0\">1-. \u00c1mbito de aplicaci\u00f3n.<\/a>\n\t\t\t\t\t<\/div>\n\n\t\t\t\t\t<div id=\"elementor-tab-content-1121\" class=\"elementor-tab-content elementor-clearfix\" data-tab=\"1\" role=\"region\" aria-labelledby=\"elementor-tab-title-1121\"><p>Estas becas consisten en una ayuda econ\u00f3mica a investigadores\/as con t\u00edtulo de doctor\/a para desarrollar trabajos de investigaci\u00f3n en el campo del estudio del c\u00e1ncer colorectal en un Centro reconocido en Catalu\u00f1a y\/o en Espa\u00f1a.<\/p><p>Podr\u00e1n concurrir a esta modalidad los\/las investigadores\/as integrados\/as en cualquiera de los Grupos de Investigaci\u00f3n establecidos en el territorio definido en el punto 1 de las bases de esta convocatoria, con la \u00fanica limitaci\u00f3n que como solicitante no hubiere obtenido ninguna beca de la FOT en las dos \u00faltimas ediciones.<\/p><\/div>\n\t\t\t\t<\/div>\n\t\t\t\t\t\t\t<div class=\"elementor-toggle-item\">\n\t\t\t\t\t<div id=\"elementor-tab-title-1122\" class=\"elementor-tab-title\" data-tab=\"2\" role=\"button\" aria-controls=\"elementor-tab-content-1122\" aria-expanded=\"false\">\n\t\t\t\t\t\t\t\t\t\t\t\t<span class=\"elementor-toggle-icon elementor-toggle-icon-left\" aria-hidden=\"true\">\n\t\t\t\t\t\t\t\t\t\t\t\t\t\t\t<span class=\"elementor-toggle-icon-closed\"><i class=\"fas fa-caret-right\"><\/i><\/span>\n\t\t\t\t\t\t\t\t<span class=\"elementor-toggle-icon-opened\"><i class=\"elementor-toggle-icon-opened fas fa-caret-up\"><\/i><\/span>\n\t\t\t\t\t\t\t\t\t\t\t\t\t<\/span>\n\t\t\t\t\t\t\t\t\t\t\t\t<a class=\"elementor-toggle-title\" tabindex=\"0\">2.- Modalidades.<\/a>\n\t\t\t\t\t<\/div>\n\n\t\t\t\t\t<div id=\"elementor-tab-content-1122\" class=\"elementor-tab-content elementor-clearfix\" data-tab=\"2\" role=\"region\" aria-labelledby=\"elementor-tab-title-1122\"><p>Se conceder\u00e1n dos becas Una para cada una de las modalidades A y B.<\/p><p><em>Modalidad A.- Dirigida a investigadores\/as consolidados\/as.<\/em><\/p><p>Podr\u00e1n concurrir a esta modalidad los\/las investigadores\/as integrados\/as en cualquiera de los Grupos de Investigaci\u00f3n establecidos en el territorio definido en el punto 1 de las bases de esta convocatoria, con la \u00fanica limitaci\u00f3n que como solicitante no hubiere obtenido ninguna beca de la FOT en las dos \u00faltimas ediciones.<\/p><p>Participar\u00e1n en la Modalidad A) aquellos\/as investigadores\/as que hubieren obtenido el t\u00edtulo de doctor\/a antes de 1 de Julio de 2010.<\/p><p><em>Modalidad B.- Dirigida a investigadores\/as emergentes.<\/em><\/p><p>Destinada a investigadores\/as integrados\/as en cualquiera de los Grupos de Investigaci\u00f3n establecidos en el territorio definido en el punto 1 de las bases de esta convocatoria que hubieren obtenido el t\u00edtulo de doctor\/a en los \u00faltimos diez a\u00f1os y que no hubieren sido beneficiarios\/as de ninguna beca de la FOT en las dos \u00faltimas ediciones. El proyecto deber\u00e1 estar dirigido por un\/a investigador\/a s\u00e9nior.<\/p><p>Participar\u00e1n en la Modalidad B) aquellos\/as investigadores\/as que hubieren obtenido el t\u00edtulo de doctor\/a con posterioridad al 30 de Junio de 2010 y antes de 1 de Julio de 2020.<\/p><p>No se incluyen en el c\u00f3mputo de diez a\u00f1os los periodos de baja o excedencia por maternidad que se acrediten en la solicitud.<\/p><p>Al presentar la solicitud el\/la candidato\/a deber\u00e1 indicar la Modalidad a la cual concurre.<\/p><\/div>\n\t\t\t\t<\/div>\n\t\t\t\t\t\t\t<div class=\"elementor-toggle-item\">\n\t\t\t\t\t<div id=\"elementor-tab-title-1123\" class=\"elementor-tab-title\" data-tab=\"3\" role=\"button\" aria-controls=\"elementor-tab-content-1123\" aria-expanded=\"false\">\n\t\t\t\t\t\t\t\t\t\t\t\t<span class=\"elementor-toggle-icon elementor-toggle-icon-left\" aria-hidden=\"true\">\n\t\t\t\t\t\t\t\t\t\t\t\t\t\t\t<span class=\"elementor-toggle-icon-closed\"><i class=\"fas fa-caret-right\"><\/i><\/span>\n\t\t\t\t\t\t\t\t<span class=\"elementor-toggle-icon-opened\"><i class=\"elementor-toggle-icon-opened fas fa-caret-up\"><\/i><\/span>\n\t\t\t\t\t\t\t\t\t\t\t\t\t<\/span>\n\t\t\t\t\t\t\t\t\t\t\t\t<a class=\"elementor-toggle-title\" tabindex=\"0\">3.- Cuant\u00eda.<\/a>\n\t\t\t\t\t<\/div>\n\n\t\t\t\t\t<div id=\"elementor-tab-content-1123\" class=\"elementor-tab-content elementor-clearfix\" data-tab=\"3\" role=\"region\" aria-labelledby=\"elementor-tab-title-1123\"><p>El importe de cada beca es de 60.000,00 \u20ac y se distribuir\u00e1 en dos anualidades.<\/p><p>El desembolso se realizar\u00e1 en 8 plazos trimestrales y consecutivos de 7.500,00 \u20ac cada uno, contra-entrega de un informe trimestral de evoluci\u00f3n de la investigaci\u00f3n que deber\u00e1 obtener la conformidad de la comisi\u00f3n interna designada por la FOT para el seguimiento del Proyecto. El pago se efectuar\u00e1 directamente al Centro donde se lleve a cabo la investigaci\u00f3n, v\u00eda donaci\u00f3n.<\/p><\/div>\n\t\t\t\t<\/div>\n\t\t\t\t\t\t\t<div class=\"elementor-toggle-item\">\n\t\t\t\t\t<div id=\"elementor-tab-title-1124\" class=\"elementor-tab-title\" data-tab=\"4\" role=\"button\" aria-controls=\"elementor-tab-content-1124\" aria-expanded=\"false\">\n\t\t\t\t\t\t\t\t\t\t\t\t<span class=\"elementor-toggle-icon elementor-toggle-icon-left\" aria-hidden=\"true\">\n\t\t\t\t\t\t\t\t\t\t\t\t\t\t\t<span class=\"elementor-toggle-icon-closed\"><i class=\"fas fa-caret-right\"><\/i><\/span>\n\t\t\t\t\t\t\t\t<span class=\"elementor-toggle-icon-opened\"><i class=\"elementor-toggle-icon-opened fas fa-caret-up\"><\/i><\/span>\n\t\t\t\t\t\t\t\t\t\t\t\t\t<\/span>\n\t\t\t\t\t\t\t\t\t\t\t\t<a class=\"elementor-toggle-title\" tabindex=\"0\">4.- Condiciones del programa.<\/a>\n\t\t\t\t\t<\/div>\n\n\t\t\t\t\t<div id=\"elementor-tab-content-1124\" class=\"elementor-tab-content elementor-clearfix\" data-tab=\"4\" role=\"region\" aria-labelledby=\"elementor-tab-title-1124\"><p>Els\/les sol\u00b7licitants a qui s\u2019atorgui l\u2019ajut han d\u2019acceptar les condicions seg\u00fcents:<\/p><p>a. Librar trimestralmente a la Fundaci\u00f3n un informe del progreso de la investigaci\u00f3n para la cual se le concedi\u00f3 la ayuda, con indicaci\u00f3n de los hitos que se vayan logrando. Y un informe final con las conclusiones de la investigaci\u00f3n, junto con un resumen divulgativo.<\/p><p>b. Publicar los resultados de la investigaci\u00f3n, citando la FOT como fuente de financiaci\u00f3n.<\/p><p>c. Librar un abstract de los art\u00edculos publicados, autorizando a la FOT a reproducirlos en los medios de difusi\u00f3n que utilice. En el caso de art\u00edculos publicados en revistas cient\u00edficas facilitar el enlace de la publicaci\u00f3n originaria.<\/p><p>d. Facilitar que, en caso de que de los resultados de la investigaci\u00f3n se deriven beneficios comerciales, la FOT sea debidamente informada y le sea reconocida y garantizada la participaci\u00f3n en los derechos correspondientes.<\/p><p>e. Participar en los Congresos o actos cient\u00edficos a los que sea requerido por la FOT para exponer los resultados de la investigaci\u00f3n.<\/p><p>f. La aceptaci\u00f3n de la ayuda implicar\u00e1 el conocimiento y aceptaci\u00f3n por parte de los\/las participantes del marco definido por las normativas legales y \u00e9ticas en vigor, entre otras, las relacionadas con la experimentaci\u00f3n en humanos, utilizaci\u00f3n de muestras y datos humanos, experimentaci\u00f3n con animales y con el respeto a la seguridad y al medio ambiente.<\/p><p>Al mismo tiempo se comprometen a desarrollar su trabajo en el marco definido por el C\u00f3digo Europeo de Buenas Pr\u00e1cticas Cient\u00edficas.<\/p><p><span style=\"color: #454883;\"><a style=\"color: #454883;\" href=\"http:\/\/www.allea.org\/wp-content\/uploads\/2017\/05\/ALLEA-European-Code-of-Conduct-for-Research-Integrity-2017.pdf\">http:\/\/www.allea.org\/wp-content\/uploads\/2017\/05\/ALLEA-European-Code-of-Conduct-for-Research-Integrity-2017.pdf<\/a><\/span><\/p><p>g. Aceptar la normativa establecida por la Fundaci\u00f3n en materia de Protecci\u00f3n de Datos.<\/p><p><span style=\"color: #454883;\"><a style=\"color: #454883;\" href=\"https:\/\/www.fundacioolgatorres.org\/privacitat_investigadors\/\">https:\/\/www.fundacioolgatorres.org\/privacitat_investigadors\/<\/a><\/span><\/p><\/div>\n\t\t\t\t<\/div>\n\t\t\t\t\t\t\t<div class=\"elementor-toggle-item\">\n\t\t\t\t\t<div id=\"elementor-tab-title-1125\" class=\"elementor-tab-title\" data-tab=\"5\" role=\"button\" aria-controls=\"elementor-tab-content-1125\" aria-expanded=\"false\">\n\t\t\t\t\t\t\t\t\t\t\t\t<span class=\"elementor-toggle-icon elementor-toggle-icon-left\" aria-hidden=\"true\">\n\t\t\t\t\t\t\t\t\t\t\t\t\t\t\t<span class=\"elementor-toggle-icon-closed\"><i class=\"fas fa-caret-right\"><\/i><\/span>\n\t\t\t\t\t\t\t\t<span class=\"elementor-toggle-icon-opened\"><i class=\"elementor-toggle-icon-opened fas fa-caret-up\"><\/i><\/span>\n\t\t\t\t\t\t\t\t\t\t\t\t\t<\/span>\n\t\t\t\t\t\t\t\t\t\t\t\t<a class=\"elementor-toggle-title\" tabindex=\"0\">5.- Presentaci\u00f3n de las solicitudes<\/a>\n\t\t\t\t\t<\/div>\n\n\t\t\t\t\t<div id=\"elementor-tab-content-1125\" class=\"elementor-tab-content elementor-clearfix\" data-tab=\"5\" role=\"region\" aria-labelledby=\"elementor-tab-title-1125\"><p>La solicitud se formalizar\u00e1 mediante la cumplimentaci\u00f3n del formulario que se adjunta al final de las presentes bases, debiendo enviarlo firmado por correo electr\u00f3nico a la direcci\u00f3n de la Fundaci\u00f3n: <strong><span style=\"color: #454883;\"><a style=\"color: #454883;\" href=\"mailto:info@fundacioolgatorres.org\">info@fundacioolgatorres.org<\/a><\/span><\/strong>adjuntando en ficheros anexos la siguiente documentaci\u00f3n escaneada:<\/p><p>a. DNI, tarjeta de residente o pasaporte en vigor.<\/p><p>b. Curr\u00edculum<\/p><p>c. T\u00edtulo de Doctor\/a o expediente acad\u00e9mico oficial donde conste la obtenci\u00f3n del mismo.<\/p><p>d. Memoria del trabajo que se propone, redactada en ingl\u00e9s y firmada por el\/la solicitante.<\/p><p>e. Escrito firmado por el\/la Responsable del Centro en el que se ha de desarrollar la investigaci\u00f3n comprometi\u00e9ndose a acoger la realizaci\u00f3n del proyecto en caso que \u00e9ste obtuviere la beca.<\/p><p>f. Historial del grupo de investigaci\u00f3n en el que se integra el\/la investigador\/a de los \u00faltimos cinco a\u00f1os, con menci\u00f3n expl\u00edcita a proyectos vigentes relacionados con el trabajo de investigaci\u00f3n.<\/p><p>g. Cartas de presentaci\u00f3n o recomendaci\u00f3n, si las hubiere.<\/p><p>El plazo de presentaci\u00f3n de las solicitudes finaliza el 30 de Junio de 2020.<\/p><\/div>\n\t\t\t\t<\/div>\n\t\t\t\t\t\t\t<div class=\"elementor-toggle-item\">\n\t\t\t\t\t<div id=\"elementor-tab-title-1126\" class=\"elementor-tab-title\" data-tab=\"6\" role=\"button\" aria-controls=\"elementor-tab-content-1126\" aria-expanded=\"false\">\n\t\t\t\t\t\t\t\t\t\t\t\t<span class=\"elementor-toggle-icon elementor-toggle-icon-left\" aria-hidden=\"true\">\n\t\t\t\t\t\t\t\t\t\t\t\t\t\t\t<span class=\"elementor-toggle-icon-closed\"><i class=\"fas fa-caret-right\"><\/i><\/span>\n\t\t\t\t\t\t\t\t<span class=\"elementor-toggle-icon-opened\"><i class=\"elementor-toggle-icon-opened fas fa-caret-up\"><\/i><\/span>\n\t\t\t\t\t\t\t\t\t\t\t\t\t<\/span>\n\t\t\t\t\t\t\t\t\t\t\t\t<a class=\"elementor-toggle-title\" tabindex=\"0\">6.- Proceso de selecci\u00f3n.<\/a>\n\t\t\t\t\t<\/div>\n\n\t\t\t\t\t<div id=\"elementor-tab-content-1126\" class=\"elementor-tab-content elementor-clearfix\" data-tab=\"6\" role=\"region\" aria-labelledby=\"elementor-tab-title-1126\"><p>Lo llevar\u00e1 a cabo una comisi\u00f3n de investigaci\u00f3n designada por la Fundaci\u00f3n y se basar\u00e1 en los criterios siguientes:<\/p><p>a. Curr\u00edculum del\/la candidato\/a.<\/p><p>b. Memoria del trabajo propuesto.<\/p><p>c. Historial cient\u00edfico del grupo receptor.<\/p><p>d. Se valorar\u00e1n la aplicaci\u00f3n cl\u00ednica o su explotaci\u00f3n en forma de patentes.<\/p><p>e. Se considerar\u00e1 el papel de la bioinform\u00e1tica as\u00ed como la optimizaci\u00f3n de tecnolog\u00edas de alto rendimiento.<\/p><p> <\/p><p>Est\u00e1 previsto que la resoluci\u00f3n tenga lugar en el mes de Octubre, y el resultado se haga p\u00fablico a trav\u00e9s del Web de la Fundaci\u00f3n y mediante notificaci\u00f3n enviada por correo electr\u00f3nico a los\/las participantes. La adjudicaci\u00f3n se efectuar\u00e1 dentro de la misma anualidad.<\/p><p>La presentaci\u00f3n de la solicitud implica la aceptaci\u00f3n expresa por parte del\/la candidato\/a de los criterios y las decisiones que la FOT pueda tomar en caso de surgir cualquier duda interpretativa sobre los requisitos y las condiciones enunciados en las presentes bases.<\/p><p><em>Sant Quirze del Vall\u00e8s, 15 de Marzo de 2020.<\/em><\/p><\/div>\n\t\t\t\t<\/div>\n\t\t\t\t\t\t\t\t<\/div>\n\t\t\t\t\t\t<\/div>\n\t\t\t\t<\/div>\n\t\t\t\t\t<\/div>\n\t\t<\/div>\n\t\t\t\t\t<\/div>\n\t\t<\/section>\n\t\t\t\t<section class=\"elementor-section elementor-top-section elementor-element elementor-element-a39f5ce elementor-section-boxed elementor-section-height-default elementor-section-height-default\" data-id=\"a39f5ce\" data-element_type=\"section\" data-e-type=\"section\">\n\t\t\t\t\t\t<div class=\"elementor-container elementor-column-gap-default\">\n\t\t\t\t\t<div class=\"elementor-column elementor-col-100 elementor-top-column elementor-element elementor-element-8a2b690\" data-id=\"8a2b690\" data-element_type=\"column\" data-e-type=\"column\">\n\t\t\t<div class=\"elementor-widget-wrap elementor-element-populated\">\n\t\t\t\t\t\t<div class=\"elementor-element elementor-element-65164a9 elementor-position-inline-start elementor-view-default elementor-mobile-position-block-start elementor-widget elementor-widget-icon-box\" data-id=\"65164a9\" data-element_type=\"widget\" data-e-type=\"widget\" data-widget_type=\"icon-box.default\">\n\t\t\t\t<div class=\"elementor-widget-container\">\n\t\t\t\t\t\t\t<div class=\"elementor-icon-box-wrapper\">\n\n\t\t\t\t\t\t<div class=\"elementor-icon-box-icon\">\n\t\t\t\t<span  class=\"elementor-icon\">\n\t\t\t\t<i aria-hidden=\"true\" class=\"far fa-file-pdf\"><\/i>\t\t\t\t<\/span>\n\t\t\t<\/div>\n\t\t\t\n\t\t\t\t\t\t<div class=\"elementor-icon-box-content\">\n\n\t\t\t\t\t\t\t\t\t<h3 class=\"elementor-icon-box-title\">\n\t\t\t\t\t\t<span  >\n\t\t\t\t\t\t\tDescargar el formulario (editable) de solicitud\t\t\t\t\t\t<\/span>\n\t\t\t\t\t<\/h3>\n\t\t\t\t\n\t\t\t\t\n\t\t\t<\/div>\n\t\t\t\n\t\t<\/div>\n\t\t\t\t\t\t<\/div>\n\t\t\t\t<\/div>\n\t\t\t\t\t<\/div>\n\t\t<\/div>\n\t\t\t\t\t<\/div>\n\t\t<\/section>\n\t\t\t\t<section class=\"elementor-section elementor-top-section elementor-element elementor-element-4b4f08e elementor-section-boxed elementor-section-height-default elementor-section-height-default\" data-id=\"4b4f08e\" data-element_type=\"section\" data-e-type=\"section\">\n\t\t\t\t\t\t<div class=\"elementor-container elementor-column-gap-default\">\n\t\t\t\t\t<div class=\"elementor-column elementor-col-100 elementor-top-column elementor-element elementor-element-cf0e5d3\" data-id=\"cf0e5d3\" data-element_type=\"column\" data-e-type=\"column\">\n\t\t\t<div class=\"elementor-widget-wrap elementor-element-populated\">\n\t\t\t\t\t\t<div class=\"elementor-element elementor-element-e87b20a elementor-widget elementor-widget-spacer\" data-id=\"e87b20a\" data-element_type=\"widget\" data-e-type=\"widget\" data-widget_type=\"spacer.default\">\n\t\t\t\t<div class=\"elementor-widget-container\">\n\t\t\t\t\t\t\t<div class=\"elementor-spacer\">\n\t\t\t<div class=\"elementor-spacer-inner\"><\/div>\n\t\t<\/div>\n\t\t\t\t\t\t<\/div>\n\t\t\t\t<\/div>\n\t\t\t\t\t<\/div>\n\t\t<\/div>\n\t\t\t\t\t<\/div>\n\t\t<\/section>\n\t\t\t\t<\/div>\n\t\t","protected":false},"excerpt":{"rendered":"<p>Convocatoria becas de investigaci\u00f3n 2020\/2021 sobre c\u00e1ncer colorectal &#8211; Cerrada. Pendiente de resoluci\u00f3n Convocatoria becas Ejercicio 2020\/21 CONVOCATORIA DE BECAS DE INVESTIGACI\u00d3N.PROGRAMA DE BECAS POSTDOCTORALES A\u00d1O 2020.FUNDACI\u00d3 PRIVADA OLGA TORRES. Bases de la convocatoria. 1-. \u00c1mbito de aplicaci\u00f3n. Estas becas consisten en una ayuda econ\u00f3mica a investigadores\/as con t\u00edtulo de doctor\/a para desarrollar trabajos de [&hellip;]<\/p>\n","protected":false},"author":1,"featured_media":4159,"comment_status":"open","ping_status":"open","sticky":false,"template":"elementor_header_footer","format":"standard","meta":{"give_campaign_id":0,"footnotes":""},"categories":[24],"tags":[],"class_list":["post-6057","post","type-post","status-publish","format-standard","has-post-thumbnail","hentry","category-noticia-destacada-es"],"_links":{"self":[{"href":"https:\/\/www.fundacioolgatorres.org\/es\/wp-json\/wp\/v2\/posts\/6057","targetHints":{"allow":["GET"]}}],"collection":[{"href":"https:\/\/www.fundacioolgatorres.org\/es\/wp-json\/wp\/v2\/posts"}],"about":[{"href":"https:\/\/www.fundacioolgatorres.org\/es\/wp-json\/wp\/v2\/types\/post"}],"author":[{"embeddable":true,"href":"https:\/\/www.fundacioolgatorres.org\/es\/wp-json\/wp\/v2\/users\/1"}],"replies":[{"embeddable":true,"href":"https:\/\/www.fundacioolgatorres.org\/es\/wp-json\/wp\/v2\/comments?post=6057"}],"version-history":[{"count":0,"href":"https:\/\/www.fundacioolgatorres.org\/es\/wp-json\/wp\/v2\/posts\/6057\/revisions"}],"wp:featuredmedia":[{"embeddable":true,"href":"https:\/\/www.fundacioolgatorres.org\/es\/wp-json\/wp\/v2\/media\/4159"}],"wp:attachment":[{"href":"https:\/\/www.fundacioolgatorres.org\/es\/wp-json\/wp\/v2\/media?parent=6057"}],"wp:term":[{"taxonomy":"category","embeddable":true,"href":"https:\/\/www.fundacioolgatorres.org\/es\/wp-json\/wp\/v2\/categories?post=6057"},{"taxonomy":"post_tag","embeddable":true,"href":"https:\/\/www.fundacioolgatorres.org\/es\/wp-json\/wp\/v2\/tags?post=6057"}],"curies":[{"name":"wp","href":"https:\/\/api.w.org\/{rel}","templated":true}]}}