{"id":6020,"date":"2019-04-30T17:04:39","date_gmt":"2019-04-30T17:04:39","guid":{"rendered":"https:\/\/www.fundacioolgatorres.org\/2022\/03\/15\/acto-academico-entrega-de-becas-y-mesa-redonda-sobre-el-futuro-de-la-investigacion-biomedica\/"},"modified":"2022-03-17T10:08:00","modified_gmt":"2022-03-17T10:08:00","slug":"acto-academico-entrega-de-becas-y-mesa-redonda-sobre-el-futuro-de-la-investigacion-biomedica","status":"publish","type":"post","link":"https:\/\/www.fundacioolgatorres.org\/es\/2019\/04\/30\/acto-academico-entrega-de-becas-y-mesa-redonda-sobre-el-futuro-de-la-investigacion-biomedica\/","title":{"rendered":"Acto acad\u00e9mico: Entrega de becas y mesa redonda sobre el futuro de la Investigaci\u00f3n Biom\u00e9dica"},"content":{"rendered":"\t\t<div data-elementor-type=\"wp-post\" data-elementor-id=\"6020\" class=\"elementor elementor-6020 elementor-3013\" data-elementor-post-type=\"post\">\n\t\t\t\t\t\t<section class=\"elementor-section elementor-top-section elementor-element elementor-element-01cc075 elementor-section-boxed elementor-section-height-default elementor-section-height-default\" data-id=\"01cc075\" data-element_type=\"section\" data-e-type=\"section\">\n\t\t\t\t\t\t<div class=\"elementor-container elementor-column-gap-default\">\n\t\t\t\t\t<div class=\"elementor-column elementor-col-100 elementor-top-column elementor-element elementor-element-e6c3ac1\" data-id=\"e6c3ac1\" data-element_type=\"column\" data-e-type=\"column\">\n\t\t\t<div class=\"elementor-widget-wrap elementor-element-populated\">\n\t\t\t\t\t\t<div class=\"elementor-element elementor-element-72fe8ea elementor-widget elementor-widget-heading\" data-id=\"72fe8ea\" data-element_type=\"widget\" data-e-type=\"widget\" data-widget_type=\"heading.default\">\n\t\t\t\t<div class=\"elementor-widget-container\">\n\t\t\t\t\t<h2 class=\"elementor-heading-title elementor-size-default\">Acto acad\u00e9mico: Entrega de becas y mesa redonda sobre el futuro de la Investigaci\u00f3n Biom\u00e9dica<\/h2>\t\t\t\t<\/div>\n\t\t\t\t<\/div>\n\t\t\t\t\t<\/div>\n\t\t<\/div>\n\t\t\t\t\t<\/div>\n\t\t<\/section>\n\t\t\t\t<section class=\"elementor-section elementor-top-section elementor-element elementor-element-fe8a440 elementor-section-boxed elementor-section-height-default elementor-section-height-default\" data-id=\"fe8a440\" data-element_type=\"section\" data-e-type=\"section\">\n\t\t\t\t\t\t<div class=\"elementor-container elementor-column-gap-default\">\n\t\t\t\t\t<div class=\"elementor-column elementor-col-100 elementor-top-column elementor-element elementor-element-fd6b9f9\" data-id=\"fd6b9f9\" data-element_type=\"column\" data-e-type=\"column\">\n\t\t\t<div class=\"elementor-widget-wrap elementor-element-populated\">\n\t\t\t\t\t\t<div class=\"elementor-element elementor-element-bdef1f3 elementor-widget elementor-widget-image\" data-id=\"bdef1f3\" data-element_type=\"widget\" data-e-type=\"widget\" data-widget_type=\"image.default\">\n\t\t\t\t<div class=\"elementor-widget-container\">\n\t\t\t\t\t\t\t\t\t\t\t\t\t\t\t<img fetchpriority=\"high\" decoding=\"async\" width=\"768\" height=\"512\" src=\"https:\/\/www.fundacioolgatorres.org\/wp-content\/uploads\/2019\/04\/auditori-tauli--768x512.jpg\" class=\"attachment-medium_large size-medium_large wp-image-4320\" alt=\"\" srcset=\"https:\/\/www.fundacioolgatorres.org\/wp-content\/uploads\/2019\/04\/auditori-tauli--768x512.jpg 768w, https:\/\/www.fundacioolgatorres.org\/wp-content\/uploads\/2019\/04\/auditori-tauli--300x200.jpg 300w, https:\/\/www.fundacioolgatorres.org\/wp-content\/uploads\/2019\/04\/auditori-tauli--1024x682.jpg 1024w, https:\/\/www.fundacioolgatorres.org\/wp-content\/uploads\/2019\/04\/auditori-tauli-.jpg 1400w\" sizes=\"(max-width: 768px) 100vw, 768px\" \/>\t\t\t\t\t\t\t\t\t\t\t\t\t\t\t<\/div>\n\t\t\t\t<\/div>\n\t\t\t\t\t<\/div>\n\t\t<\/div>\n\t\t\t\t\t<\/div>\n\t\t<\/section>\n\t\t\t\t<section class=\"elementor-section elementor-top-section elementor-element elementor-element-b0ae66d elementor-section-boxed elementor-section-height-default elementor-section-height-default\" data-id=\"b0ae66d\" data-element_type=\"section\" data-e-type=\"section\">\n\t\t\t\t\t\t<div class=\"elementor-container elementor-column-gap-default\">\n\t\t\t\t\t<div class=\"elementor-column elementor-col-100 elementor-top-column elementor-element elementor-element-48fb7fe\" data-id=\"48fb7fe\" data-element_type=\"column\" data-e-type=\"column\">\n\t\t\t<div class=\"elementor-widget-wrap elementor-element-populated\">\n\t\t\t\t\t\t<div class=\"elementor-element elementor-element-05f83e8 elementor-widget elementor-widget-text-editor\" data-id=\"05f83e8\" data-element_type=\"widget\" data-e-type=\"widget\" data-widget_type=\"text-editor.default\">\n\t\t\t\t<div class=\"elementor-widget-container\">\n\t\t\t\t\t\t\t\t\t<p>El lunes 20 de Mayo de 2019 tendr\u00e1 lugar en el Auditorio de la Corporaci\u00f3 Sanit\u00e0ria Parc Taul\u00ed de Sabadell el acto p\u00fablico de entrega de las becas a los ganadores de la convocatoria 2018\/19. En el curso el mismo se celebrar\u00e1 una mesa redonda sobre \u201cEl futuro de la Investigaci\u00f3n Biom\u00e9dica a partir de la colaboraci\u00f3n p\u00fablico-privada\u00bb <\/p>\t\t\t\t\t\t\t\t<\/div>\n\t\t\t\t<\/div>\n\t\t\t\t<div class=\"elementor-element elementor-element-e0293b8 elementor-widget elementor-widget-text-editor\" data-id=\"e0293b8\" data-element_type=\"widget\" data-e-type=\"widget\" data-widget_type=\"text-editor.default\">\n\t\t\t\t<div class=\"elementor-widget-container\">\n\t\t\t\t\t\t\t\t\t<p><strong>30 de abril de 2019<\/strong><\/p>\t\t\t\t\t\t\t\t<\/div>\n\t\t\t\t<\/div>\n\t\t\t\t\t<\/div>\n\t\t<\/div>\n\t\t\t\t\t<\/div>\n\t\t<\/section>\n\t\t\t\t<\/div>\n\t\t","protected":false},"excerpt":{"rendered":"<p>Acto acad\u00e9mico: Entrega de becas y mesa redonda sobre el futuro de la Investigaci\u00f3n Biom\u00e9dica El lunes 20 de Mayo de 2019 tendr\u00e1 lugar en el Auditorio de la Corporaci\u00f3 Sanit\u00e0ria Parc Taul\u00ed de Sabadell el acto p\u00fablico de entrega de las becas a los ganadores de la convocatoria 2018\/19. En el curso el mismo [&hellip;]<\/p>\n","protected":false},"author":1,"featured_media":4320,"comment_status":"open","ping_status":"open","sticky":false,"template":"elementor_header_footer","format":"standard","meta":{"give_campaign_id":0,"footnotes":""},"categories":[22],"tags":[],"class_list":["post-6020","post","type-post","status-publish","format-standard","has-post-thumbnail","hentry","category-fundacion"],"_links":{"self":[{"href":"https:\/\/www.fundacioolgatorres.org\/es\/wp-json\/wp\/v2\/posts\/6020","targetHints":{"allow":["GET"]}}],"collection":[{"href":"https:\/\/www.fundacioolgatorres.org\/es\/wp-json\/wp\/v2\/posts"}],"about":[{"href":"https:\/\/www.fundacioolgatorres.org\/es\/wp-json\/wp\/v2\/types\/post"}],"author":[{"embeddable":true,"href":"https:\/\/www.fundacioolgatorres.org\/es\/wp-json\/wp\/v2\/users\/1"}],"replies":[{"embeddable":true,"href":"https:\/\/www.fundacioolgatorres.org\/es\/wp-json\/wp\/v2\/comments?post=6020"}],"version-history":[{"count":0,"href":"https:\/\/www.fundacioolgatorres.org\/es\/wp-json\/wp\/v2\/posts\/6020\/revisions"}],"wp:featuredmedia":[{"embeddable":true,"href":"https:\/\/www.fundacioolgatorres.org\/es\/wp-json\/wp\/v2\/media\/4320"}],"wp:attachment":[{"href":"https:\/\/www.fundacioolgatorres.org\/es\/wp-json\/wp\/v2\/media?parent=6020"}],"wp:term":[{"taxonomy":"category","embeddable":true,"href":"https:\/\/www.fundacioolgatorres.org\/es\/wp-json\/wp\/v2\/categories?post=6020"},{"taxonomy":"post_tag","embeddable":true,"href":"https:\/\/www.fundacioolgatorres.org\/es\/wp-json\/wp\/v2\/tags?post=6020"}],"curies":[{"name":"wp","href":"https:\/\/api.w.org\/{rel}","templated":true}]}}