{"id":5979,"date":"2018-04-12T16:21:10","date_gmt":"2018-04-12T16:21:10","guid":{"rendered":"https:\/\/www.fundacioolgatorres.org\/2022\/03\/15\/celebracion-de-la-noche-de-la-ciencia-y-el-conocimiento-2018-en-sabadell\/"},"modified":"2022-03-17T10:09:14","modified_gmt":"2022-03-17T10:09:14","slug":"celebracion-de-la-noche-de-la-ciencia-y-el-conocimiento-2018-en-sabadell","status":"publish","type":"post","link":"https:\/\/www.fundacioolgatorres.org\/es\/2018\/04\/12\/celebracion-de-la-noche-de-la-ciencia-y-el-conocimiento-2018-en-sabadell\/","title":{"rendered":"Celebraci\u00f3n de la Noche de la Ciencia y el Conocimiento 2018 en Sabadell"},"content":{"rendered":"\t\t<div data-elementor-type=\"wp-post\" data-elementor-id=\"5979\" class=\"elementor elementor-5979 elementor-2982\" data-elementor-post-type=\"post\">\n\t\t\t\t\t\t<section class=\"elementor-section elementor-top-section elementor-element elementor-element-01cc075 elementor-section-boxed elementor-section-height-default elementor-section-height-default\" data-id=\"01cc075\" data-element_type=\"section\" data-e-type=\"section\">\n\t\t\t\t\t\t<div class=\"elementor-container elementor-column-gap-default\">\n\t\t\t\t\t<div class=\"elementor-column elementor-col-100 elementor-top-column elementor-element elementor-element-e6c3ac1\" data-id=\"e6c3ac1\" data-element_type=\"column\" data-e-type=\"column\">\n\t\t\t<div class=\"elementor-widget-wrap elementor-element-populated\">\n\t\t\t\t\t\t<div class=\"elementor-element elementor-element-72fe8ea elementor-widget elementor-widget-heading\" data-id=\"72fe8ea\" data-element_type=\"widget\" data-e-type=\"widget\" data-widget_type=\"heading.default\">\n\t\t\t\t<div class=\"elementor-widget-container\">\n\t\t\t\t\t<h2 class=\"elementor-heading-title elementor-size-default\">Celebraci\u00f3n de la Noche de la Ciencia y el Conocimiento 2018 en Sabadell<\/h2>\t\t\t\t<\/div>\n\t\t\t\t<\/div>\n\t\t\t\t\t<\/div>\n\t\t<\/div>\n\t\t\t\t\t<\/div>\n\t\t<\/section>\n\t\t\t\t<section class=\"elementor-section elementor-top-section elementor-element elementor-element-fe8a440 elementor-section-boxed elementor-section-height-default elementor-section-height-default\" data-id=\"fe8a440\" data-element_type=\"section\" data-e-type=\"section\">\n\t\t\t\t\t\t<div class=\"elementor-container elementor-column-gap-default\">\n\t\t\t\t\t<div class=\"elementor-column elementor-col-100 elementor-top-column elementor-element elementor-element-fd6b9f9\" data-id=\"fd6b9f9\" data-element_type=\"column\" data-e-type=\"column\">\n\t\t\t<div class=\"elementor-widget-wrap elementor-element-populated\">\n\t\t\t\t\t\t<div class=\"elementor-element elementor-element-bdef1f3 elementor-widget elementor-widget-image\" data-id=\"bdef1f3\" data-element_type=\"widget\" data-e-type=\"widget\" data-widget_type=\"image.default\">\n\t\t\t\t<div class=\"elementor-widget-container\">\n\t\t\t\t\t\t\t\t\t\t\t\t\t\t\t<img fetchpriority=\"high\" decoding=\"async\" width=\"564\" height=\"287\" src=\"https:\/\/www.fundacioolgatorres.org\/wp-content\/uploads\/2018\/04\/nit-ciencia-2018-blog.jpg\" class=\"attachment-medium_large size-medium_large wp-image-5975\" alt=\"\" srcset=\"https:\/\/www.fundacioolgatorres.org\/wp-content\/uploads\/2018\/04\/nit-ciencia-2018-blog.jpg 564w, https:\/\/www.fundacioolgatorres.org\/wp-content\/uploads\/2018\/04\/nit-ciencia-2018-blog-300x153.jpg 300w\" sizes=\"(max-width: 564px) 100vw, 564px\" \/>\t\t\t\t\t\t\t\t\t\t\t\t\t\t\t<\/div>\n\t\t\t\t<\/div>\n\t\t\t\t\t<\/div>\n\t\t<\/div>\n\t\t\t\t\t<\/div>\n\t\t<\/section>\n\t\t\t\t<section class=\"elementor-section elementor-top-section elementor-element elementor-element-f915031 elementor-section-boxed elementor-section-height-default elementor-section-height-default\" data-id=\"f915031\" data-element_type=\"section\" data-e-type=\"section\">\n\t\t\t\t\t\t<div class=\"elementor-container elementor-column-gap-default\">\n\t\t\t\t\t<div class=\"elementor-column elementor-col-100 elementor-top-column elementor-element elementor-element-fb8aa71\" data-id=\"fb8aa71\" data-element_type=\"column\" data-e-type=\"column\">\n\t\t\t<div class=\"elementor-widget-wrap elementor-element-populated\">\n\t\t\t\t\t\t<div class=\"elementor-element elementor-element-bcdccf5 elementor-widget elementor-widget-text-editor\" data-id=\"bcdccf5\" data-element_type=\"widget\" data-e-type=\"widget\" data-widget_type=\"text-editor.default\">\n\t\t\t\t<div class=\"elementor-widget-container\">\n\t\t\t\t\t\t\t\t\t<p>Vista general del auditorio<\/p>\t\t\t\t\t\t\t\t<\/div>\n\t\t\t\t<\/div>\n\t\t\t\t\t<\/div>\n\t\t<\/div>\n\t\t\t\t\t<\/div>\n\t\t<\/section>\n\t\t\t\t<section class=\"elementor-section elementor-top-section elementor-element elementor-element-b0ae66d elementor-section-boxed elementor-section-height-default elementor-section-height-default\" data-id=\"b0ae66d\" data-element_type=\"section\" data-e-type=\"section\">\n\t\t\t\t\t\t<div class=\"elementor-container elementor-column-gap-default\">\n\t\t\t\t\t<div class=\"elementor-column elementor-col-100 elementor-top-column elementor-element elementor-element-48fb7fe\" data-id=\"48fb7fe\" data-element_type=\"column\" data-e-type=\"column\">\n\t\t\t<div class=\"elementor-widget-wrap elementor-element-populated\">\n\t\t\t\t\t\t<div class=\"elementor-element elementor-element-05f83e8 elementor-widget elementor-widget-text-editor\" data-id=\"05f83e8\" data-element_type=\"widget\" data-e-type=\"widget\" data-widget_type=\"text-editor.default\">\n\t\t\t\t<div class=\"elementor-widget-container\">\n\t\t\t\t\t\t\t\t\t<p>El acto central de la Noche de la Ciencia congreg\u00f3 una numerosa concurrencia en el Auditorio de la Antigua Caixa Sabadell.<br><br>Durante la velada tuvo lugar la concesi\u00f3n de diversos premios, becas y reconocimientos a actividades cient\u00edficas convocados por las entidades organizadoras, amenizando el contenido acad\u00e9mico con actuaciones musicales e ilusionismo, conduciendo el acto el periodista Sergi Garc\u00e9s.<br><br>El beneficio de esta 3\u00aa edici\u00f3n se destinar\u00e1 a dotar al Parc Taul\u00ed de Sabadell de la infraestructura necesaria para crear un laboratorio de <i>organoides <\/i>que permita investigar especialmente acerca de las enfermedades minoritarias.<\/p><p>En el curso del acto se hizo entrega del Premio al mejor trabajo de divulgaci\u00f3n sobre el c\u00e1ncer colorectal, convocado por la Fundaci\u00f3 Olga Torres.<\/p>\t\t\t\t\t\t\t\t<\/div>\n\t\t\t\t<\/div>\n\t\t\t\t<div class=\"elementor-element elementor-element-e0293b8 elementor-widget elementor-widget-text-editor\" data-id=\"e0293b8\" data-element_type=\"widget\" data-e-type=\"widget\" data-widget_type=\"text-editor.default\">\n\t\t\t\t<div class=\"elementor-widget-container\">\n\t\t\t\t\t\t\t\t\t<p><strong>12 de abril de 2018<\/strong><\/p>\t\t\t\t\t\t\t\t<\/div>\n\t\t\t\t<\/div>\n\t\t\t\t\t<\/div>\n\t\t<\/div>\n\t\t\t\t\t<\/div>\n\t\t<\/section>\n\t\t\t\t<\/div>\n\t\t","protected":false},"excerpt":{"rendered":"<p>Celebraci\u00f3n de la Noche de la Ciencia y el Conocimiento 2018 en Sabadell Vista general del auditorio El acto central de la Noche de la Ciencia congreg\u00f3 una numerosa concurrencia en el Auditorio de la Antigua Caixa Sabadell. Durante la velada tuvo lugar la concesi\u00f3n de diversos premios, becas y reconocimientos a actividades cient\u00edficas convocados [&hellip;]<\/p>\n","protected":false},"author":1,"featured_media":0,"comment_status":"open","ping_status":"open","sticky":false,"template":"elementor_header_footer","format":"standard","meta":{"give_campaign_id":0,"footnotes":""},"categories":[22],"tags":[],"class_list":["post-5979","post","type-post","status-publish","format-standard","hentry","category-fundacion"],"_links":{"self":[{"href":"https:\/\/www.fundacioolgatorres.org\/es\/wp-json\/wp\/v2\/posts\/5979","targetHints":{"allow":["GET"]}}],"collection":[{"href":"https:\/\/www.fundacioolgatorres.org\/es\/wp-json\/wp\/v2\/posts"}],"about":[{"href":"https:\/\/www.fundacioolgatorres.org\/es\/wp-json\/wp\/v2\/types\/post"}],"author":[{"embeddable":true,"href":"https:\/\/www.fundacioolgatorres.org\/es\/wp-json\/wp\/v2\/users\/1"}],"replies":[{"embeddable":true,"href":"https:\/\/www.fundacioolgatorres.org\/es\/wp-json\/wp\/v2\/comments?post=5979"}],"version-history":[{"count":0,"href":"https:\/\/www.fundacioolgatorres.org\/es\/wp-json\/wp\/v2\/posts\/5979\/revisions"}],"wp:attachment":[{"href":"https:\/\/www.fundacioolgatorres.org\/es\/wp-json\/wp\/v2\/media?parent=5979"}],"wp:term":[{"taxonomy":"category","embeddable":true,"href":"https:\/\/www.fundacioolgatorres.org\/es\/wp-json\/wp\/v2\/categories?post=5979"},{"taxonomy":"post_tag","embeddable":true,"href":"https:\/\/www.fundacioolgatorres.org\/es\/wp-json\/wp\/v2\/tags?post=5979"}],"curies":[{"name":"wp","href":"https:\/\/api.w.org\/{rel}","templated":true}]}}