{"id":5895,"date":"2017-05-03T11:34:13","date_gmt":"2017-05-03T11:34:13","guid":{"rendered":"https:\/\/www.fundacioolgatorres.org\/2022\/03\/15\/entrega-de-becas-de-la-fundacion-olga-torres-2017\/"},"modified":"2022-03-17T10:35:19","modified_gmt":"2022-03-17T10:35:19","slug":"entrega-de-becas-de-la-fundacion-olga-torres-2017","status":"publish","type":"post","link":"https:\/\/www.fundacioolgatorres.org\/es\/2017\/05\/03\/entrega-de-becas-de-la-fundacion-olga-torres-2017\/","title":{"rendered":"Entrega de becas de la Fundaci\u00f3n Olga Torres 2017"},"content":{"rendered":"\t\t<div data-elementor-type=\"wp-post\" data-elementor-id=\"5895\" class=\"elementor elementor-5895 elementor-2834\" data-elementor-post-type=\"post\">\n\t\t\t\t\t\t<section class=\"elementor-section elementor-top-section elementor-element elementor-element-01cc075 elementor-section-boxed elementor-section-height-default elementor-section-height-default\" data-id=\"01cc075\" data-element_type=\"section\" data-e-type=\"section\">\n\t\t\t\t\t\t<div class=\"elementor-container elementor-column-gap-default\">\n\t\t\t\t\t<div class=\"elementor-column elementor-col-100 elementor-top-column elementor-element elementor-element-e6c3ac1\" data-id=\"e6c3ac1\" data-element_type=\"column\" data-e-type=\"column\">\n\t\t\t<div class=\"elementor-widget-wrap elementor-element-populated\">\n\t\t\t\t\t\t\t<\/div>\n\t\t<\/div>\n\t\t\t\t\t<\/div>\n\t\t<\/section>\n\t\t\t\t<section class=\"elementor-section elementor-top-section elementor-element elementor-element-8000317 elementor-section-boxed elementor-section-height-default elementor-section-height-default\" data-id=\"8000317\" data-element_type=\"section\" data-e-type=\"section\">\n\t\t\t\t\t\t<div class=\"elementor-container elementor-column-gap-default\">\n\t\t\t\t\t<div class=\"elementor-column elementor-col-100 elementor-top-column elementor-element elementor-element-f2174b7\" data-id=\"f2174b7\" data-element_type=\"column\" data-e-type=\"column\">\n\t\t\t<div class=\"elementor-widget-wrap elementor-element-populated\">\n\t\t\t\t\t\t<div class=\"elementor-element elementor-element-f5222e1 elementor-widget elementor-widget-image\" data-id=\"f5222e1\" data-element_type=\"widget\" data-e-type=\"widget\" data-widget_type=\"image.default\">\n\t\t\t\t<div class=\"elementor-widget-container\">\n\t\t\t\t\t\t\t\t\t\t\t\t\t\t\t<img fetchpriority=\"high\" decoding=\"async\" width=\"599\" height=\"355\" src=\"https:\/\/www.fundacioolgatorres.org\/wp-content\/uploads\/2017\/05\/fot-blog-03-maig.png\" class=\"attachment-large size-large wp-image-5899\" alt=\"\" srcset=\"https:\/\/www.fundacioolgatorres.org\/wp-content\/uploads\/2017\/05\/fot-blog-03-maig.png 599w, https:\/\/www.fundacioolgatorres.org\/wp-content\/uploads\/2017\/05\/fot-blog-03-maig-300x178.png 300w\" sizes=\"(max-width: 599px) 100vw, 599px\" \/>\t\t\t\t\t\t\t\t\t\t\t\t\t\t\t<\/div>\n\t\t\t\t<\/div>\n\t\t\t\t\t<\/div>\n\t\t<\/div>\n\t\t\t\t\t<\/div>\n\t\t<\/section>\n\t\t\t\t<section class=\"elementor-section elementor-top-section elementor-element elementor-element-b0ae66d elementor-section-boxed elementor-section-height-default elementor-section-height-default\" data-id=\"b0ae66d\" data-element_type=\"section\" data-e-type=\"section\">\n\t\t\t\t\t\t<div class=\"elementor-container elementor-column-gap-default\">\n\t\t\t\t\t<div class=\"elementor-column elementor-col-100 elementor-top-column elementor-element elementor-element-48fb7fe\" data-id=\"48fb7fe\" data-element_type=\"column\" data-e-type=\"column\">\n\t\t\t<div class=\"elementor-widget-wrap elementor-element-populated\">\n\t\t\t\t\t\t<div class=\"elementor-element elementor-element-05f83e8 elementor-widget elementor-widget-text-editor\" data-id=\"05f83e8\" data-element_type=\"widget\" data-e-type=\"widget\" data-widget_type=\"text-editor.default\">\n\t\t\t\t<div class=\"elementor-widget-container\">\n\t\t\t\t\t\t\t\t\t<p>De izquierda a derecha: Sr. Modesto Custodio -Presidente de la Corporaci\u00f3n Sanitaria Parc Taul\u00ed, Dr. Eduard Batlle del IRB Barcelona -ganador de la beca en la modalidad de Investigadores Consolidados, Jordi Carbonell, -Secretario del Patronato de la Fundaci\u00f3n Olga Torres, Sr. Josep Bombard\u00f3 -Presidente de la Fundaci\u00f3n Olga Torres, Dr. Francesco Paolo Marchese, del CIMA -ganador de la beca en la modalidad de Investigadores Emergentes, y Sr. Joan Berlanga -Primer Teniente de Alcalde del Ayuntamiento de Sabadell. (Foto Gabinete Comunicaci\u00f3n Parc Taul\u00ed)<\/p>\t\t\t\t\t\t\t\t<\/div>\n\t\t\t\t<\/div>\n\t\t\t\t<div class=\"elementor-element elementor-element-7ed87c1 elementor-widget elementor-widget-text-editor\" data-id=\"7ed87c1\" data-element_type=\"widget\" data-e-type=\"widget\" data-widget_type=\"text-editor.default\">\n\t\t\t\t<div class=\"elementor-widget-container\">\n\t\t\t\t\t\t\t\t\t<p>El d\u00eda 3 de Mayo tuvo lugar en el Auditorio del Parc Taul\u00ed de Sabadell, el acto de entrega de becas posdoctorales de Investigaci\u00f3n sobre c\u00e1ncer de colon que concede la Fundaci\u00f3n Olga Torres, en su 12\u00aa edici\u00f3n, que cont\u00f3 con el soporte y la colaboraci\u00f3n de la Corporaci\u00f3n Sanitaria Parc Taul\u00ed, la Fundaci\u00f3n Parc Taul\u00ed y la Academia de Ciencias M\u00e9dicas y de la Salud de Catalu\u00f1a y Baleares.<br><br>En el transcurso del acto los investigadores premiados hicieron una breve exposici\u00f3n de los respectivos proyectos, y pronunci\u00f3 la conferencia magistral el Dr. Lu\u00eds A. Hidalgo, Coordinador de la Unidad de Cirug\u00eda Colorrectal del Hospital de Matar\u00f3 y Presidente de la Asociaci\u00f3n Espa\u00f1ola de Cirug\u00eda Mayor Ambulatoria, sobre el tema: <strong>\u201c\u00bfEs posible un tratamiento no quir\u00fargico del c\u00e1ncer de recto?\u201d<\/strong>.<br><br>Los representantes de las entidades organizadoras y autoridades destacaron en sus intervenciones la importancia de la investigaci\u00f3n, que es clave para continuar avanzando tanto en la detecci\u00f3n como en el tratamiento y seguimiento de la enfermedad. Al final del acto los asistentes compartieron un refrigerio y felicitaron a la Fundaci\u00f3n por haberle sido concedida por la Generalitat de Catalunya la Creu de Sant Jordi, en reconocimiento por la labor que desarrolla la Fundaci\u00f3n en la promoci\u00f3n de la investigaci\u00f3n en el \u00e1mbito del c\u00e1ncer colorrectal.<\/p>\t\t\t\t\t\t\t\t<\/div>\n\t\t\t\t<\/div>\n\t\t\t\t<div class=\"elementor-element elementor-element-e0293b8 elementor-widget elementor-widget-text-editor\" data-id=\"e0293b8\" data-element_type=\"widget\" data-e-type=\"widget\" data-widget_type=\"text-editor.default\">\n\t\t\t\t<div class=\"elementor-widget-container\">\n\t\t\t\t\t\t\t\t\t<strong>03 mayo 2017<\/strong>\t\t\t\t\t\t\t\t<\/div>\n\t\t\t\t<\/div>\n\t\t\t\t\t<\/div>\n\t\t<\/div>\n\t\t\t\t\t<\/div>\n\t\t<\/section>\n\t\t\t\t<\/div>\n\t\t","protected":false},"excerpt":{"rendered":"<p>De izquierda a derecha: Sr. Modesto Custodio -Presidente de la Corporaci\u00f3n Sanitaria Parc Taul\u00ed, Dr. Eduard Batlle del IRB Barcelona -ganador de la beca en la modalidad de Investigadores Consolidados, Jordi Carbonell, -Secretario del Patronato de la Fundaci\u00f3n Olga Torres, Sr. Josep Bombard\u00f3 -Presidente de la Fundaci\u00f3n Olga Torres, Dr. Francesco Paolo Marchese, del CIMA [&hellip;]<\/p>\n","protected":false},"author":1,"featured_media":4304,"comment_status":"open","ping_status":"open","sticky":false,"template":"elementor_header_footer","format":"standard","meta":{"give_campaign_id":0,"footnotes":""},"categories":[22],"tags":[],"class_list":["post-5895","post","type-post","status-publish","format-standard","has-post-thumbnail","hentry","category-fundacion"],"_links":{"self":[{"href":"https:\/\/www.fundacioolgatorres.org\/es\/wp-json\/wp\/v2\/posts\/5895","targetHints":{"allow":["GET"]}}],"collection":[{"href":"https:\/\/www.fundacioolgatorres.org\/es\/wp-json\/wp\/v2\/posts"}],"about":[{"href":"https:\/\/www.fundacioolgatorres.org\/es\/wp-json\/wp\/v2\/types\/post"}],"author":[{"embeddable":true,"href":"https:\/\/www.fundacioolgatorres.org\/es\/wp-json\/wp\/v2\/users\/1"}],"replies":[{"embeddable":true,"href":"https:\/\/www.fundacioolgatorres.org\/es\/wp-json\/wp\/v2\/comments?post=5895"}],"version-history":[{"count":0,"href":"https:\/\/www.fundacioolgatorres.org\/es\/wp-json\/wp\/v2\/posts\/5895\/revisions"}],"wp:featuredmedia":[{"embeddable":true,"href":"https:\/\/www.fundacioolgatorres.org\/es\/wp-json\/wp\/v2\/media\/4304"}],"wp:attachment":[{"href":"https:\/\/www.fundacioolgatorres.org\/es\/wp-json\/wp\/v2\/media?parent=5895"}],"wp:term":[{"taxonomy":"category","embeddable":true,"href":"https:\/\/www.fundacioolgatorres.org\/es\/wp-json\/wp\/v2\/categories?post=5895"},{"taxonomy":"post_tag","embeddable":true,"href":"https:\/\/www.fundacioolgatorres.org\/es\/wp-json\/wp\/v2\/tags?post=5895"}],"curies":[{"name":"wp","href":"https:\/\/api.w.org\/{rel}","templated":true}]}}