{"id":6094,"date":"2021-04-22T09:57:18","date_gmt":"2021-04-22T09:57:18","guid":{"rendered":"https:\/\/www.fundacioolgatorres.org\/2022\/03\/16\/restructuring-of-the-board-of-trustees-of-the-foundation\/"},"modified":"2022-03-17T10:17:04","modified_gmt":"2022-03-17T10:17:04","slug":"restructuring-of-the-board-of-trustees-of-the-foundation","status":"publish","type":"post","link":"https:\/\/www.fundacioolgatorres.org\/en\/2021\/04\/22\/restructuring-of-the-board-of-trustees-of-the-foundation\/","title":{"rendered":"Restructuring of the board of trustees of the Foundation"},"content":{"rendered":"\t\t<div data-elementor-type=\"wp-post\" data-elementor-id=\"6094\" class=\"elementor elementor-6094 elementor-3073\" data-elementor-post-type=\"post\">\n\t\t\t\t\t\t<section class=\"elementor-section elementor-top-section elementor-element elementor-element-01cc075 elementor-section-boxed elementor-section-height-default elementor-section-height-default\" data-id=\"01cc075\" data-element_type=\"section\" data-e-type=\"section\">\n\t\t\t\t\t\t<div class=\"elementor-container elementor-column-gap-default\">\n\t\t\t\t\t<div class=\"elementor-column elementor-col-100 elementor-top-column elementor-element elementor-element-e6c3ac1\" data-id=\"e6c3ac1\" data-element_type=\"column\" data-e-type=\"column\">\n\t\t\t<div class=\"elementor-widget-wrap elementor-element-populated\">\n\t\t\t\t\t\t<div class=\"elementor-element elementor-element-72fe8ea elementor-widget elementor-widget-heading\" data-id=\"72fe8ea\" data-element_type=\"widget\" data-e-type=\"widget\" data-widget_type=\"heading.default\">\n\t\t\t\t<div class=\"elementor-widget-container\">\n\t\t\t\t\t<h2 class=\"elementor-heading-title elementor-size-default\">Restructuring of the board of trustees of the Foundation\n<\/h2>\t\t\t\t<\/div>\n\t\t\t\t<\/div>\n\t\t\t\t\t<\/div>\n\t\t<\/div>\n\t\t\t\t\t<\/div>\n\t\t<\/section>\n\t\t\t\t<section class=\"elementor-section elementor-top-section elementor-element elementor-element-fe8a440 elementor-section-boxed elementor-section-height-default elementor-section-height-default\" data-id=\"fe8a440\" data-element_type=\"section\" data-e-type=\"section\">\n\t\t\t\t\t\t<div class=\"elementor-container elementor-column-gap-default\">\n\t\t\t\t\t<div class=\"elementor-column elementor-col-100 elementor-top-column elementor-element elementor-element-fd6b9f9\" data-id=\"fd6b9f9\" data-element_type=\"column\" data-e-type=\"column\">\n\t\t\t<div class=\"elementor-widget-wrap elementor-element-populated\">\n\t\t\t\t\t\t<div class=\"elementor-element elementor-element-bdef1f3 elementor-widget elementor-widget-image\" data-id=\"bdef1f3\" data-element_type=\"widget\" data-e-type=\"widget\" data-widget_type=\"image.default\">\n\t\t\t\t<div class=\"elementor-widget-container\">\n\t\t\t\t\t\t\t\t\t\t\t\t\t\t\t<img fetchpriority=\"high\" decoding=\"async\" width=\"279\" height=\"290\" src=\"https:\/\/www.fundacioolgatorres.org\/wp-content\/uploads\/2021\/11\/teresa-sole-pujol-team.jpg\" class=\"attachment-medium_large size-medium_large wp-image-4034\" alt=\"\" \/>\t\t\t\t\t\t\t\t\t\t\t\t\t\t\t<\/div>\n\t\t\t\t<\/div>\n\t\t\t\t\t<\/div>\n\t\t<\/div>\n\t\t\t\t\t<\/div>\n\t\t<\/section>\n\t\t\t\t<section class=\"elementor-section elementor-top-section elementor-element elementor-element-35eaf66 elementor-section-boxed elementor-section-height-default elementor-section-height-default\" data-id=\"35eaf66\" data-element_type=\"section\" data-e-type=\"section\">\n\t\t\t\t\t\t<div class=\"elementor-container elementor-column-gap-default\">\n\t\t\t\t\t<div class=\"elementor-column elementor-col-100 elementor-top-column elementor-element elementor-element-02dc47e\" data-id=\"02dc47e\" data-element_type=\"column\" data-e-type=\"column\">\n\t\t\t<div class=\"elementor-widget-wrap elementor-element-populated\">\n\t\t\t\t\t\t<div class=\"elementor-element elementor-element-e1e375a elementor-widget elementor-widget-text-editor\" data-id=\"e1e375a\" data-element_type=\"widget\" data-e-type=\"widget\" data-widget_type=\"text-editor.default\">\n\t\t\t\t<div class=\"elementor-widget-container\">\n\t\t\t\t\t\t\t\t\t<p><strong>Dr. MARIA TERESA SOL\u00c9 PUJOL<br>NEW PRESIDENT OF<br>THE PRIVATE FOUNDATION OLGA TORRES<\/strong><\/p><p> <\/p><p>On 22 April 2021, the board of trustees of the Olga Torres Private Foundation proceeded with the restructuring of the Foundation\u2019s governing body following the death of the incumbent president Jos\u00e9 Bombard\u00f3 Navin\u00e9s in March 2021, with <strong>Doctor Maite Sol\u00e9<\/strong>, who had held the role of spokesperson of the board of trustees until that time, being appointed as his successor.<\/p><p>Xavier Bombard\u00f3 Bux\u00f3, son of the late president, also joined the board of trustees in the capacity of spokesperson, thus retaining the family\u2019s connection in support of the Foundation\u2019s goals<\/p>\t\t\t\t\t\t\t\t<\/div>\n\t\t\t\t<\/div>\n\t\t\t\t<div class=\"elementor-element elementor-element-69ab611 elementor-widget elementor-widget-text-editor\" data-id=\"69ab611\" data-element_type=\"widget\" data-e-type=\"widget\" data-widget_type=\"text-editor.default\">\n\t\t\t\t<div class=\"elementor-widget-container\">\n\t\t\t\t\t\t\t\t\t<p><strong>April 22, 2021<\/strong><\/p>\t\t\t\t\t\t\t\t<\/div>\n\t\t\t\t<\/div>\n\t\t\t\t\t<\/div>\n\t\t<\/div>\n\t\t\t\t\t<\/div>\n\t\t<\/section>\n\t\t\t\t<\/div>\n\t\t","protected":false},"excerpt":{"rendered":"<p>Restructuring of the board of trustees of the Foundation Dr. MARIA TERESA SOL\u00c9 PUJOLNEW PRESIDENT OFTHE PRIVATE FOUNDATION OLGA TORRES On 22 April 2021, the board of trustees of the Olga Torres Private Foundation proceeded with the restructuring of the Foundation\u2019s governing body following the death of the incumbent president Jos\u00e9 Bombard\u00f3 Navin\u00e9s in March [&hellip;]<\/p>\n","protected":false},"author":1,"featured_media":4098,"comment_status":"open","ping_status":"open","sticky":false,"template":"elementor_header_footer","format":"standard","meta":{"give_campaign_id":0,"footnotes":""},"categories":[25],"tags":[],"class_list":["post-6094","post","type-post","status-publish","format-standard","has-post-thumbnail","hentry","category-featured-news"],"_links":{"self":[{"href":"https:\/\/www.fundacioolgatorres.org\/en\/wp-json\/wp\/v2\/posts\/6094","targetHints":{"allow":["GET"]}}],"collection":[{"href":"https:\/\/www.fundacioolgatorres.org\/en\/wp-json\/wp\/v2\/posts"}],"about":[{"href":"https:\/\/www.fundacioolgatorres.org\/en\/wp-json\/wp\/v2\/types\/post"}],"author":[{"embeddable":true,"href":"https:\/\/www.fundacioolgatorres.org\/en\/wp-json\/wp\/v2\/users\/1"}],"replies":[{"embeddable":true,"href":"https:\/\/www.fundacioolgatorres.org\/en\/wp-json\/wp\/v2\/comments?post=6094"}],"version-history":[{"count":0,"href":"https:\/\/www.fundacioolgatorres.org\/en\/wp-json\/wp\/v2\/posts\/6094\/revisions"}],"wp:featuredmedia":[{"embeddable":true,"href":"https:\/\/www.fundacioolgatorres.org\/en\/wp-json\/wp\/v2\/media\/4098"}],"wp:attachment":[{"href":"https:\/\/www.fundacioolgatorres.org\/en\/wp-json\/wp\/v2\/media?parent=6094"}],"wp:term":[{"taxonomy":"category","embeddable":true,"href":"https:\/\/www.fundacioolgatorres.org\/en\/wp-json\/wp\/v2\/categories?post=6094"},{"taxonomy":"post_tag","embeddable":true,"href":"https:\/\/www.fundacioolgatorres.org\/en\/wp-json\/wp\/v2\/tags?post=6094"}],"curies":[{"name":"wp","href":"https:\/\/api.w.org\/{rel}","templated":true}]}}