{"id":6053,"date":"2019-05-20T17:20:49","date_gmt":"2019-05-20T17:20:49","guid":{"rendered":"https:\/\/www.fundacioolgatorres.org\/2022\/03\/15\/awards-ceremony-for-the-2018-2019-grants\/"},"modified":"2022-03-17T10:20:08","modified_gmt":"2022-03-17T10:20:08","slug":"awards-ceremony-for-the-2018-2019-grants","status":"publish","type":"post","link":"https:\/\/www.fundacioolgatorres.org\/en\/2019\/05\/20\/awards-ceremony-for-the-2018-2019-grants\/","title":{"rendered":"Awards Ceremony for the 2018\/2019 Grants"},"content":{"rendered":"\t\t<div data-elementor-type=\"wp-post\" data-elementor-id=\"6053\" class=\"elementor elementor-6053 elementor-3021\" data-elementor-post-type=\"post\">\n\t\t\t\t\t\t<section class=\"elementor-section elementor-top-section elementor-element elementor-element-01cc075 elementor-section-boxed elementor-section-height-default elementor-section-height-default\" data-id=\"01cc075\" data-element_type=\"section\" data-e-type=\"section\">\n\t\t\t\t\t\t<div class=\"elementor-container elementor-column-gap-default\">\n\t\t\t\t\t<div class=\"elementor-column elementor-col-100 elementor-top-column elementor-element elementor-element-e6c3ac1\" data-id=\"e6c3ac1\" data-element_type=\"column\" data-e-type=\"column\">\n\t\t\t<div class=\"elementor-widget-wrap elementor-element-populated\">\n\t\t\t\t\t\t<div class=\"elementor-element elementor-element-72fe8ea elementor-widget elementor-widget-heading\" data-id=\"72fe8ea\" data-element_type=\"widget\" data-e-type=\"widget\" data-widget_type=\"heading.default\">\n\t\t\t\t<div class=\"elementor-widget-container\">\n\t\t\t\t\t<h2 class=\"elementor-heading-title elementor-size-default\">Awards Ceremony for the 2018\/2019 Grants<\/h2>\t\t\t\t<\/div>\n\t\t\t\t<\/div>\n\t\t\t\t\t<\/div>\n\t\t<\/div>\n\t\t\t\t\t<\/div>\n\t\t<\/section>\n\t\t\t\t<section class=\"elementor-section elementor-top-section elementor-element elementor-element-fe8a440 elementor-section-boxed elementor-section-height-default elementor-section-height-default\" data-id=\"fe8a440\" data-element_type=\"section\" data-e-type=\"section\">\n\t\t\t\t\t\t<div class=\"elementor-container elementor-column-gap-default\">\n\t\t\t\t\t<div class=\"elementor-column elementor-col-100 elementor-top-column elementor-element elementor-element-fd6b9f9\" data-id=\"fd6b9f9\" data-element_type=\"column\" data-e-type=\"column\">\n\t\t\t<div class=\"elementor-widget-wrap elementor-element-populated\">\n\t\t\t\t\t\t<div class=\"elementor-element elementor-element-bdef1f3 elementor-widget elementor-widget-image\" data-id=\"bdef1f3\" data-element_type=\"widget\" data-e-type=\"widget\" data-widget_type=\"image.default\">\n\t\t\t\t<div class=\"elementor-widget-container\">\n\t\t\t\t\t\t\t\t\t\t\t\t\t\t\t<img fetchpriority=\"high\" decoding=\"async\" width=\"570\" height=\"321\" src=\"https:\/\/www.fundacioolgatorres.org\/wp-content\/uploads\/2019\/05\/becas-2018-19-blog.jpg\" class=\"attachment-medium_large size-medium_large wp-image-6028\" alt=\"\" srcset=\"https:\/\/www.fundacioolgatorres.org\/wp-content\/uploads\/2019\/05\/becas-2018-19-blog.jpg 570w, https:\/\/www.fundacioolgatorres.org\/wp-content\/uploads\/2019\/05\/becas-2018-19-blog-300x169.jpg 300w\" sizes=\"(max-width: 570px) 100vw, 570px\" \/>\t\t\t\t\t\t\t\t\t\t\t\t\t\t\t<\/div>\n\t\t\t\t<\/div>\n\t\t\t\t\t<\/div>\n\t\t<\/div>\n\t\t\t\t\t<\/div>\n\t\t<\/section>\n\t\t\t\t<section class=\"elementor-section elementor-top-section elementor-element elementor-element-efa3aef elementor-section-boxed elementor-section-height-default elementor-section-height-default\" data-id=\"efa3aef\" data-element_type=\"section\" data-e-type=\"section\">\n\t\t\t\t\t\t<div class=\"elementor-container elementor-column-gap-default\">\n\t\t\t\t\t<div class=\"elementor-column elementor-col-100 elementor-top-column elementor-element elementor-element-6030631\" data-id=\"6030631\" data-element_type=\"column\" data-e-type=\"column\">\n\t\t\t<div class=\"elementor-widget-wrap elementor-element-populated\">\n\t\t\t\t\t\t<div class=\"elementor-element elementor-element-fcce9af elementor-widget elementor-widget-text-editor\" data-id=\"fcce9af\" data-element_type=\"widget\" data-e-type=\"widget\" data-widget_type=\"text-editor.default\">\n\t\t\t\t<div class=\"elementor-widget-container\">\n\t\t\t\t\t\t\t\t\t<p>(From left to right:) Mr. J.Mart\u00ed (General Director Parc Taul\u00ed), Mr R.Vidal (Sabadell City Hall Health Director), M. Custodio (President Parc Taul\u00ed), Mr M.Serracant (Mayor of Sabadell), Dr\u00aa L.Valle (Consolidated Research Grant), Mr. Josep Bombard\u00f3 (FOT President ), Sr. J.Carbonell (FOT Secretary). Dr\u00aa C. Fern\u00e1ndez (Emerging Research Grant), Mr Joan Montsech (FOT).<\/p>\t\t\t\t\t\t\t\t<\/div>\n\t\t\t\t<\/div>\n\t\t\t\t\t<\/div>\n\t\t<\/div>\n\t\t\t\t\t<\/div>\n\t\t<\/section>\n\t\t\t\t<section class=\"elementor-section elementor-top-section elementor-element elementor-element-b0ae66d elementor-section-boxed elementor-section-height-default elementor-section-height-default\" data-id=\"b0ae66d\" data-element_type=\"section\" data-e-type=\"section\">\n\t\t\t\t\t\t<div class=\"elementor-container elementor-column-gap-default\">\n\t\t\t\t\t<div class=\"elementor-column elementor-col-100 elementor-top-column elementor-element elementor-element-48fb7fe\" data-id=\"48fb7fe\" data-element_type=\"column\" data-e-type=\"column\">\n\t\t\t<div class=\"elementor-widget-wrap elementor-element-populated\">\n\t\t\t\t\t\t<div class=\"elementor-element elementor-element-05f83e8 elementor-widget elementor-widget-text-editor\" data-id=\"05f83e8\" data-element_type=\"widget\" data-e-type=\"widget\" data-widget_type=\"text-editor.default\">\n\t\t\t\t<div class=\"elementor-widget-container\">\n\t\t\t\t\t\t\t\t\t<p>On 20 May 2019 the Olga Torres Foundation (FOT) held the awards ceremony for the 14th annual edition of its Post-doctoral Grants for Colorectal Cancer Research Projects. The ceremony was held at the Corporaci\u00f3n Sanitaria Parc Taul\u00ed de Sabadell auditorium and attracted nearly one hundred attendees, including medical researchers and professionals, representatives of public organisations as well as members of the FOT Circle of Friends.<\/p>\n<p>This year the main focus of the event was a round table discussion on \u201cThe Future of Biomedical Research Based on Public-Private Partnerships\u201d. The round table was moderated by Dr Llu\u00eds Blanch, Head of the Institut d\u2019Investigaci\u00f3 i Innovaci\u00f3 Parc Taul\u00ed and the featured speakers were Dr Jordi Barretina, Head of the Institut d\u2019Investigaci\u00f3 Biom\u00e8dica de Girona, Dr Enriqueta Felip, Oncologist and Researcher at Valle Hebr\u00f3n University Hospital and Dr Manel Peir\u00f3, ESADE Professor of Business Administration and Management. The debate was followed by a colloquium with the participation of the attending public.<\/p>\n<p><span style=\"color: var( --e-global-color-text ); font-weight: var( --e-global-typography-text-font-weight );\">The two grants, each worth \u20ac60,000, were then awarded to the winners of the categories of Established Researcher and Emerging Researcher: Dr Laura Valle Velasco of Bellvitge Biomedical Research Institute, and Dr Ceres Fern\u00e1ndez Rozadilla of the Galician Public Foundation of Genomic Medicine, respectively, who then both gave a brief presentation about their projects.<\/span><br><\/p>\n<p>The Chairman of FOT Mr Josep Bombard\u00f3 then delivered a speech in which he stressed the vital importance of public-private partnerships and how funding research is an investment to which we must all be committed since holding a long-term vision and an overall goal to bring together political and social consensus is key for the future.<\/p>\n<p>The event was brought to a close by the Mayor of Sabadell, Mr. Maties Serracant; and refreshments were then offered in the foyer which allowed an exchange of thoughts among those attending.<\/p>\t\t\t\t\t\t\t\t<\/div>\n\t\t\t\t<\/div>\n\t\t\t\t<div class=\"elementor-element elementor-element-8fd87ad elementor-widget elementor-widget-image\" data-id=\"8fd87ad\" data-element_type=\"widget\" data-e-type=\"widget\" data-widget_type=\"image.default\">\n\t\t\t\t<div class=\"elementor-widget-container\">\n\t\t\t\t\t\t\t\t\t\t\t\t\t\t\t<img decoding=\"async\" width=\"571\" height=\"292\" src=\"https:\/\/www.fundacioolgatorres.org\/wp-content\/uploads\/2019\/05\/becas-2018-19-blog2.jpg\" class=\"attachment-medium_large size-medium_large wp-image-6040\" alt=\"\" srcset=\"https:\/\/www.fundacioolgatorres.org\/wp-content\/uploads\/2019\/05\/becas-2018-19-blog2.jpg 571w, https:\/\/www.fundacioolgatorres.org\/wp-content\/uploads\/2019\/05\/becas-2018-19-blog2-300x153.jpg 300w\" sizes=\"(max-width: 571px) 100vw, 571px\" \/>\t\t\t\t\t\t\t\t\t\t\t\t\t\t\t<\/div>\n\t\t\t\t<\/div>\n\t\t\t\t<div class=\"elementor-element elementor-element-e0293b8 elementor-widget elementor-widget-text-editor\" data-id=\"e0293b8\" data-element_type=\"widget\" data-e-type=\"widget\" data-widget_type=\"text-editor.default\">\n\t\t\t\t<div class=\"elementor-widget-container\">\n\t\t\t\t\t\t\t\t\t<p><strong>20 May 2019<\/strong><\/p>\t\t\t\t\t\t\t\t<\/div>\n\t\t\t\t<\/div>\n\t\t\t\t\t<\/div>\n\t\t<\/div>\n\t\t\t\t\t<\/div>\n\t\t<\/section>\n\t\t\t\t<\/div>\n\t\t","protected":false},"excerpt":{"rendered":"<p>Awards Ceremony for the 2018\/2019 Grants (From left to right:) Mr. J.Mart\u00ed (General Director Parc Taul\u00ed), Mr R.Vidal (Sabadell City Hall Health Director), M. Custodio (President Parc Taul\u00ed), Mr M.Serracant (Mayor of Sabadell), Dr\u00aa L.Valle (Consolidated Research Grant), Mr. Josep Bombard\u00f3 (FOT President ), Sr. J.Carbonell (FOT Secretary). Dr\u00aa C. Fern\u00e1ndez (Emerging Research Grant), Mr [&hellip;]<\/p>\n","protected":false},"author":1,"featured_media":6028,"comment_status":"open","ping_status":"open","sticky":false,"template":"elementor_header_footer","format":"standard","meta":{"give_campaign_id":0,"footnotes":""},"categories":[23],"tags":[],"class_list":["post-6053","post","type-post","status-publish","format-standard","has-post-thumbnail","hentry","category-foundation"],"_links":{"self":[{"href":"https:\/\/www.fundacioolgatorres.org\/en\/wp-json\/wp\/v2\/posts\/6053","targetHints":{"allow":["GET"]}}],"collection":[{"href":"https:\/\/www.fundacioolgatorres.org\/en\/wp-json\/wp\/v2\/posts"}],"about":[{"href":"https:\/\/www.fundacioolgatorres.org\/en\/wp-json\/wp\/v2\/types\/post"}],"author":[{"embeddable":true,"href":"https:\/\/www.fundacioolgatorres.org\/en\/wp-json\/wp\/v2\/users\/1"}],"replies":[{"embeddable":true,"href":"https:\/\/www.fundacioolgatorres.org\/en\/wp-json\/wp\/v2\/comments?post=6053"}],"version-history":[{"count":0,"href":"https:\/\/www.fundacioolgatorres.org\/en\/wp-json\/wp\/v2\/posts\/6053\/revisions"}],"wp:featuredmedia":[{"embeddable":true,"href":"https:\/\/www.fundacioolgatorres.org\/en\/wp-json\/wp\/v2\/media\/6028"}],"wp:attachment":[{"href":"https:\/\/www.fundacioolgatorres.org\/en\/wp-json\/wp\/v2\/media?parent=6053"}],"wp:term":[{"taxonomy":"category","embeddable":true,"href":"https:\/\/www.fundacioolgatorres.org\/en\/wp-json\/wp\/v2\/categories?post=6053"},{"taxonomy":"post_tag","embeddable":true,"href":"https:\/\/www.fundacioolgatorres.org\/en\/wp-json\/wp\/v2\/tags?post=6053"}],"curies":[{"name":"wp","href":"https:\/\/api.w.org\/{rel}","templated":true}]}}