{"id":6004,"date":"2018-04-12T16:50:17","date_gmt":"2018-04-12T16:50:17","guid":{"rendered":"https:\/\/www.fundacioolgatorres.org\/2022\/03\/15\/academic-awards-ceremony-grant-call-2017-18\/"},"modified":"2022-03-17T10:24:46","modified_gmt":"2022-03-17T10:24:46","slug":"academic-awards-ceremony-grant-call-2017-18","status":"publish","type":"post","link":"https:\/\/www.fundacioolgatorres.org\/en\/2018\/04\/12\/academic-awards-ceremony-grant-call-2017-18\/","title":{"rendered":"Academic awards ceremony grant call 2017\/18"},"content":{"rendered":"\t\t<div data-elementor-type=\"wp-post\" data-elementor-id=\"6004\" class=\"elementor elementor-6004 elementor-2996\" data-elementor-post-type=\"post\">\n\t\t\t\t\t\t<section class=\"elementor-section elementor-top-section elementor-element elementor-element-01cc075 elementor-section-boxed elementor-section-height-default elementor-section-height-default\" data-id=\"01cc075\" data-element_type=\"section\" data-e-type=\"section\">\n\t\t\t\t\t\t<div class=\"elementor-container elementor-column-gap-default\">\n\t\t\t\t\t<div class=\"elementor-column elementor-col-100 elementor-top-column elementor-element elementor-element-e6c3ac1\" data-id=\"e6c3ac1\" data-element_type=\"column\" data-e-type=\"column\">\n\t\t\t<div class=\"elementor-widget-wrap elementor-element-populated\">\n\t\t\t\t\t\t<div class=\"elementor-element elementor-element-72fe8ea elementor-widget elementor-widget-heading\" data-id=\"72fe8ea\" data-element_type=\"widget\" data-e-type=\"widget\" data-widget_type=\"heading.default\">\n\t\t\t\t<div class=\"elementor-widget-container\">\n\t\t\t\t\t<h2 class=\"elementor-heading-title elementor-size-default\">2018 outreach award granted<\/h2>\t\t\t\t<\/div>\n\t\t\t\t<\/div>\n\t\t\t\t\t<\/div>\n\t\t<\/div>\n\t\t\t\t\t<\/div>\n\t\t<\/section>\n\t\t\t\t<section class=\"elementor-section elementor-top-section elementor-element elementor-element-fe8a440 elementor-section-boxed elementor-section-height-default elementor-section-height-default\" data-id=\"fe8a440\" data-element_type=\"section\" data-e-type=\"section\">\n\t\t\t\t\t\t<div class=\"elementor-container elementor-column-gap-default\">\n\t\t\t\t\t<div class=\"elementor-column elementor-col-100 elementor-top-column elementor-element elementor-element-fd6b9f9\" data-id=\"fd6b9f9\" data-element_type=\"column\" data-e-type=\"column\">\n\t\t\t<div class=\"elementor-widget-wrap elementor-element-populated\">\n\t\t\t\t\t\t<div class=\"elementor-element elementor-element-bdef1f3 elementor-widget elementor-widget-image\" data-id=\"bdef1f3\" data-element_type=\"widget\" data-e-type=\"widget\" data-widget_type=\"image.default\">\n\t\t\t\t<div class=\"elementor-widget-container\">\n\t\t\t\t\t\t\t\t\t\t\t\t\t\t\t<img fetchpriority=\"high\" decoding=\"async\" width=\"569\" height=\"285\" src=\"https:\/\/www.fundacioolgatorres.org\/wp-content\/uploads\/2018\/04\/beques-2018-blog.jpg\" class=\"attachment-medium_large size-medium_large wp-image-5991\" alt=\"\" srcset=\"https:\/\/www.fundacioolgatorres.org\/wp-content\/uploads\/2018\/04\/beques-2018-blog.jpg 569w, https:\/\/www.fundacioolgatorres.org\/wp-content\/uploads\/2018\/04\/beques-2018-blog-300x150.jpg 300w\" sizes=\"(max-width: 569px) 100vw, 569px\" \/>\t\t\t\t\t\t\t\t\t\t\t\t\t\t\t<\/div>\n\t\t\t\t<\/div>\n\t\t\t\t\t<\/div>\n\t\t<\/div>\n\t\t\t\t\t<\/div>\n\t\t<\/section>\n\t\t\t\t<section class=\"elementor-section elementor-top-section elementor-element elementor-element-c2be66b elementor-section-boxed elementor-section-height-default elementor-section-height-default\" data-id=\"c2be66b\" data-element_type=\"section\" data-e-type=\"section\">\n\t\t\t\t\t\t<div class=\"elementor-container elementor-column-gap-default\">\n\t\t\t\t\t<div class=\"elementor-column elementor-col-100 elementor-top-column elementor-element elementor-element-44c179e\" data-id=\"44c179e\" data-element_type=\"column\" data-e-type=\"column\">\n\t\t\t<div class=\"elementor-widget-wrap elementor-element-populated\">\n\t\t\t\t\t\t<div class=\"elementor-element elementor-element-64938a0 elementor-widget elementor-widget-text-editor\" data-id=\"64938a0\" data-element_type=\"widget\" data-e-type=\"widget\" data-widget_type=\"text-editor.default\">\n\t\t\t\t<div class=\"elementor-widget-container\">\n\t\t\t\t\t\t\t\t\t<p><br>From left to right: Mr Joan Montsech (FOT), Sr. M.Custodio (President Parc Taul\u00ed), Dr. R.Toledo (Emerging Research Grant), Dr. M.Esteller (Consolidated Research Grant), Dr.MT.Sol\u00e9 (FOT), Mr. M.Serracant (Mayor of Sabadell),Mr. Josep Bombard\u00f3 (FOT President ), Sr. Jordi Carbonell ( FOT Secretary), Sr. R.Vidal (Sabadell City Hall Health Director)<\/p>\t\t\t\t\t\t\t\t<\/div>\n\t\t\t\t<\/div>\n\t\t\t\t\t<\/div>\n\t\t<\/div>\n\t\t\t\t\t<\/div>\n\t\t<\/section>\n\t\t\t\t<section class=\"elementor-section elementor-top-section elementor-element elementor-element-b0ae66d elementor-section-boxed elementor-section-height-default elementor-section-height-default\" data-id=\"b0ae66d\" data-element_type=\"section\" data-e-type=\"section\">\n\t\t\t\t\t\t<div class=\"elementor-container elementor-column-gap-default\">\n\t\t\t\t\t<div class=\"elementor-column elementor-col-100 elementor-top-column elementor-element elementor-element-48fb7fe\" data-id=\"48fb7fe\" data-element_type=\"column\" data-e-type=\"column\">\n\t\t\t<div class=\"elementor-widget-wrap elementor-element-populated\">\n\t\t\t\t\t\t<div class=\"elementor-element elementor-element-05f83e8 elementor-widget elementor-widget-text-editor\" data-id=\"05f83e8\" data-element_type=\"widget\" data-e-type=\"widget\" data-widget_type=\"text-editor.default\">\n\t\t\t\t<div class=\"elementor-widget-container\">\n\t\t\t\t\t\t\t\t\t<p>The 13th edition of an academic ceremony to award postdoctoral research grants for colon cancer was hosted by the Olga Torres Foundation on April 19, 2018, at the Parc Taul\u00ed Auditorium in Sabadell.<\/p><p>The event was supported and held in collaboration with the Corporaci\u00f3 Sanit\u00e0ria Parc Taul\u00ed, the Parc Taul\u00ed Foundation, and the Academy of Medical and Health Sciences of Catalonia and the Balearic Islands.<\/p><p>Two \u20ac60,000 prizes were awarded this year to help fund the jury\u2019s picks for best projects in the categories of Established Researchers and Emerging Researchers.<\/p><p>The grant in the Established Researchers category was awarded to Dr. Manel Esteller for <i>\u201cBioinformatic prediction of chemosensitive profiles in colorectal cancer using Epigenomics\u201d<\/i> a project that will be undertaken at the Bellvitge Institute of Biomedical Research (IDIBELL) in L&#8217;Hospitalet de Llobregat.<\/p><p>The grant in the Emerging Researchers category was awarded to Dr. Rodrigo de Almeida Toledo for the project <i>&#8220;Evaluation of clonal evolution and changes in molecular dynamics evolution of colorectal cancers in patient\u2019s blood&#8221;<\/i> cancer in patient&#8217;s blood\u201d, which will be conducted at the Vall d&#8217;Hebron Oncology Research Institute VHIO in Barcelona<\/p><p>Both researchers gave a demonstration of their award-winning projects.<\/p><p>Dr. Josep M. Montan\u00e9 then introduced Dr. Manel Esteller, Head of the Epigenetics and Cancer Biology Program at the Bellvitge Biomedical Research Institute (IDIBELL), to deliver the keynote speech, which focused on the topic \u201cColon Epigenetics and Cancer: <strong>\u201cColon Epigenetics and Cancer: From Knowledge to Application\u201d<\/strong><\/p><p>These were followed by speeches by Dr. Eugeni Saig\u00ed representative from the Academy of Medical Sciences, and Mr Josep Bombard\u00f3, President of the FOT, with Mr. Maties Serracant.<br><br>Mayor of Sabadell, giving the closing speech.<\/p>\t\t\t\t\t\t\t\t<\/div>\n\t\t\t\t<\/div>\n\t\t\t\t<div class=\"elementor-element elementor-element-e77ddea elementor-widget elementor-widget-image\" data-id=\"e77ddea\" data-element_type=\"widget\" data-e-type=\"widget\" data-widget_type=\"image.default\">\n\t\t\t\t<div class=\"elementor-widget-container\">\n\t\t\t\t\t\t\t\t\t\t\t\t\t\t\t<img decoding=\"async\" width=\"572\" height=\"286\" src=\"https:\/\/www.fundacioolgatorres.org\/wp-content\/uploads\/2018\/04\/beques-2018-blog2.jpg\" class=\"attachment-medium_large size-medium_large wp-image-5997\" alt=\"\" srcset=\"https:\/\/www.fundacioolgatorres.org\/wp-content\/uploads\/2018\/04\/beques-2018-blog2.jpg 572w, https:\/\/www.fundacioolgatorres.org\/wp-content\/uploads\/2018\/04\/beques-2018-blog2-300x150.jpg 300w\" sizes=\"(max-width: 572px) 100vw, 572px\" \/>\t\t\t\t\t\t\t\t\t\t\t\t\t\t\t<\/div>\n\t\t\t\t<\/div>\n\t\t\t\t<div class=\"elementor-element elementor-element-e0293b8 elementor-widget elementor-widget-text-editor\" data-id=\"e0293b8\" data-element_type=\"widget\" data-e-type=\"widget\" data-widget_type=\"text-editor.default\">\n\t\t\t\t<div class=\"elementor-widget-container\">\n\t\t\t\t\t\t\t\t\t<p><strong>20 April 2018<\/strong><\/p>\t\t\t\t\t\t\t\t<\/div>\n\t\t\t\t<\/div>\n\t\t\t\t\t<\/div>\n\t\t<\/div>\n\t\t\t\t\t<\/div>\n\t\t<\/section>\n\t\t\t\t<\/div>\n\t\t","protected":false},"excerpt":{"rendered":"<p>2018 outreach award granted From left to right: Mr Joan Montsech (FOT), Sr. M.Custodio (President Parc Taul\u00ed), Dr. R.Toledo (Emerging Research Grant), Dr. M.Esteller (Consolidated Research Grant), Dr.MT.Sol\u00e9 (FOT), Mr. M.Serracant (Mayor of Sabadell),Mr. Josep Bombard\u00f3 (FOT President ), Sr. Jordi Carbonell ( FOT Secretary), Sr. R.Vidal (Sabadell City Hall Health Director) The 13th edition [&hellip;]<\/p>\n","protected":false},"author":1,"featured_media":5991,"comment_status":"open","ping_status":"open","sticky":false,"template":"elementor_header_footer","format":"standard","meta":{"give_campaign_id":0,"footnotes":""},"categories":[23],"tags":[],"class_list":["post-6004","post","type-post","status-publish","format-standard","has-post-thumbnail","hentry","category-foundation"],"_links":{"self":[{"href":"https:\/\/www.fundacioolgatorres.org\/en\/wp-json\/wp\/v2\/posts\/6004","targetHints":{"allow":["GET"]}}],"collection":[{"href":"https:\/\/www.fundacioolgatorres.org\/en\/wp-json\/wp\/v2\/posts"}],"about":[{"href":"https:\/\/www.fundacioolgatorres.org\/en\/wp-json\/wp\/v2\/types\/post"}],"author":[{"embeddable":true,"href":"https:\/\/www.fundacioolgatorres.org\/en\/wp-json\/wp\/v2\/users\/1"}],"replies":[{"embeddable":true,"href":"https:\/\/www.fundacioolgatorres.org\/en\/wp-json\/wp\/v2\/comments?post=6004"}],"version-history":[{"count":0,"href":"https:\/\/www.fundacioolgatorres.org\/en\/wp-json\/wp\/v2\/posts\/6004\/revisions"}],"wp:featuredmedia":[{"embeddable":true,"href":"https:\/\/www.fundacioolgatorres.org\/en\/wp-json\/wp\/v2\/media\/5991"}],"wp:attachment":[{"href":"https:\/\/www.fundacioolgatorres.org\/en\/wp-json\/wp\/v2\/media?parent=6004"}],"wp:term":[{"taxonomy":"category","embeddable":true,"href":"https:\/\/www.fundacioolgatorres.org\/en\/wp-json\/wp\/v2\/categories?post=6004"},{"taxonomy":"post_tag","embeddable":true,"href":"https:\/\/www.fundacioolgatorres.org\/en\/wp-json\/wp\/v2\/tags?post=6004"}],"curies":[{"name":"wp","href":"https:\/\/api.w.org\/{rel}","templated":true}]}}